{"id":71182,"date":"2006-09-29T06:00:00","date_gmt":"2006-09-29T04:00:00","guid":{"rendered":"https:\/\/mediarun.com\/index.php\/news-posts\/metropol-nowy-dyrektor-lodzkiego-oddzialu\/"},"modified":"2006-09-29T06:00:00","modified_gmt":"2006-09-29T04:00:00","slug":"metropol-nowy-dyrektor-lodzkiego-oddzialu","status":"publish","type":"post","link":"https:\/\/mediarun.com\/pl\/ludzie\/awanse\/metropol-nowy-dyrektor-lodzkiego-oddzialu.html","title":{"rendered":"Metropol: nowy dyrektor \u0142\u00f3dzkiego oddzia\u0142u"},"content":{"rendered":"<p><P>Matuszczak-Kr\u00f3lak ostatnio zajmowa\u0142a stanowisko kierownika biura reklamy \u0142\u00f3dzkiego oddzia\u0142u Echa Miasta.<\/P><br \/>\n<P>Oddzia\u0142 Metropolu w \u0141odzi dzia\u0142a od maja br., nak\u0142ad gazety wynosi 42 tys. egzemplarzy dziennie, a w pi\u0105tki 80 tys. egzemplarzy.<\/P><\/p>\n","protected":false},"excerpt":{"rendered":"Grzegorz Fajerski przesta\u0142 pe\u0142ni\u0107 obowi\u0105zki dyrektora sprzeda\u017cy oddzia\u0142u Metropolu w \u0141odzi. Jego obowi\u0105zki przejmie Bo\u017cena Matuszczak-Kr\u00f3lak.","protected":false},"author":1,"featured_media":71183,"comment_status":"open","ping_status":"closed","sticky":false,"template":"","format":"standard","meta":{"csco_display_header_overlay":false,"csco_singular_sidebar":"","csco_page_header_type":"","csco_page_load_nextpost":"","csco_post_video_location":[],"csco_post_video_location_hash":"","csco_post_video_url":"","csco_post_video_bg_start_time":0,"csco_post_video_bg_end_time":0,"footnotes":""},"categories":[9678],"tags":[],"class_list":{"0":"post-71182","1":"post","2":"type-post","3":"status-publish","4":"format-standard","5":"has-post-thumbnail","7":"category-awanse","8":"cs-entry","9":"cs-video-wrap"},"_links":{"self":[{"href":"https:\/\/mediarun.com\/pl\/wp-json\/wp\/v2\/posts\/71182","targetHints":{"allow":["GET"]}}],"collection":[{"href":"https:\/\/mediarun.com\/pl\/wp-json\/wp\/v2\/posts"}],"about":[{"href":"https:\/\/mediarun.com\/pl\/wp-json\/wp\/v2\/types\/post"}],"author":[{"embeddable":true,"href":"https:\/\/mediarun.com\/pl\/wp-json\/wp\/v2\/users\/1"}],"replies":[{"embeddable":true,"href":"https:\/\/mediarun.com\/pl\/wp-json\/wp\/v2\/comments?post=71182"}],"version-history":[{"count":0,"href":"https:\/\/mediarun.com\/pl\/wp-json\/wp\/v2\/posts\/71182\/revisions"}],"wp:featuredmedia":[{"embeddable":true,"href":"https:\/\/mediarun.com\/pl\/wp-json\/wp\/v2\/media\/71183"}],"wp:attachment":[{"href":"https:\/\/mediarun.com\/pl\/wp-json\/wp\/v2\/media?parent=71182"}],"wp:term":[{"taxonomy":"category","embeddable":true,"href":"https:\/\/mediarun.com\/pl\/wp-json\/wp\/v2\/categories?post=71182"},{"taxonomy":"post_tag","embeddable":true,"href":"https:\/\/mediarun.com\/pl\/wp-json\/wp\/v2\/tags?post=71182"}],"curies":[{"name":"wp","href":"https:\/\/api.w.org\/{rel}","templated":true}]}}