{"id":70897,"date":"2006-10-05T06:00:00","date_gmt":"2006-10-05T04:00:00","guid":{"rendered":"https:\/\/mediarun.com\/index.php\/news-posts\/mmd-idzie-na-wschod\/"},"modified":"2006-10-05T06:00:00","modified_gmt":"2006-10-05T04:00:00","slug":"mmd-idzie-na-wschod","status":"publish","type":"post","link":"https:\/\/mediarun.com\/pl\/marketing\/pr\/mmd-idzie-na-wschod.html","title":{"rendered":"Mmd idzie na wsch\u00f3d"},"content":{"rendered":"<p><P>Nowymi operacjami Mmd zarz\u0105dza Ian Herbison, dotychczasowy dyrektor zarz\u0105dzaj\u0105cy Mmd Polska, kt\u00f3ry awansowa\u0142&nbsp;na stanowisko dyrektora regionalnego na Polsk\u0119, Rumuni\u0119 i kraje nadba\u0142tyckie. <\/P><br \/>\n<P>Cz\u0119\u015b\u0107 funkcji zarz\u0105dzania polskim biurem Mmd przej\u0119\u0142a Ewa Szejner, dotychczasowy dyrektor zespo\u0142u ds. public affairs i komunikacji korporacyjnej. Obj\u0119\u0142a ona stanowisko zast\u0119pcy dyrektora generalnego Mmd Polska.<\/P><\/p>\n","protected":false},"excerpt":{"rendered":"Sie\u0107 Mmd rozszerza swoj\u0105 dzia\u0142alno\u015b\u0107 na rynki Europy Wschodniej. Uruchomiono nowe oddzia\u0142y na Litwie, \u0141otwie i w Estonii.","protected":false},"author":1,"featured_media":70898,"comment_status":"open","ping_status":"closed","sticky":false,"template":"","format":"standard","meta":{"csco_display_header_overlay":false,"csco_singular_sidebar":"","csco_page_header_type":"","csco_page_load_nextpost":"","csco_post_video_location":[],"csco_post_video_location_hash":"","csco_post_video_url":"","csco_post_video_bg_start_time":0,"csco_post_video_bg_end_time":0,"footnotes":""},"categories":[9648],"tags":[],"class_list":{"0":"post-70897","1":"post","2":"type-post","3":"status-publish","4":"format-standard","5":"has-post-thumbnail","7":"category-pr","8":"cs-entry","9":"cs-video-wrap"},"_links":{"self":[{"href":"https:\/\/mediarun.com\/pl\/wp-json\/wp\/v2\/posts\/70897","targetHints":{"allow":["GET"]}}],"collection":[{"href":"https:\/\/mediarun.com\/pl\/wp-json\/wp\/v2\/posts"}],"about":[{"href":"https:\/\/mediarun.com\/pl\/wp-json\/wp\/v2\/types\/post"}],"author":[{"embeddable":true,"href":"https:\/\/mediarun.com\/pl\/wp-json\/wp\/v2\/users\/1"}],"replies":[{"embeddable":true,"href":"https:\/\/mediarun.com\/pl\/wp-json\/wp\/v2\/comments?post=70897"}],"version-history":[{"count":0,"href":"https:\/\/mediarun.com\/pl\/wp-json\/wp\/v2\/posts\/70897\/revisions"}],"wp:featuredmedia":[{"embeddable":true,"href":"https:\/\/mediarun.com\/pl\/wp-json\/wp\/v2\/media\/70898"}],"wp:attachment":[{"href":"https:\/\/mediarun.com\/pl\/wp-json\/wp\/v2\/media?parent=70897"}],"wp:term":[{"taxonomy":"category","embeddable":true,"href":"https:\/\/mediarun.com\/pl\/wp-json\/wp\/v2\/categories?post=70897"},{"taxonomy":"post_tag","embeddable":true,"href":"https:\/\/mediarun.com\/pl\/wp-json\/wp\/v2\/tags?post=70897"}],"curies":[{"name":"wp","href":"https:\/\/api.w.org\/{rel}","templated":true}]}}