{"id":70836,"date":"2006-10-06T06:00:00","date_gmt":"2006-10-06T04:00:00","guid":{"rendered":"https:\/\/mediarun.com\/index.php\/news-posts\/wymiana-zarzadu-w-pro-direct\/"},"modified":"2006-10-06T06:00:00","modified_gmt":"2006-10-06T04:00:00","slug":"wymiana-zarzadu-w-pro-direct","status":"publish","type":"post","link":"https:\/\/mediarun.com\/pl\/ludzie\/awanse\/wymiana-zarzadu-w-pro-direct.html","title":{"rendered":"Wymiana zarz\u0105du w Pro Direct"},"content":{"rendered":"<p><P>przestali pe\u0142ni\u0107 swoje funkcje. <\/P><br \/>\n<P>Prezesem pozostanie Piotr Szekie\u0142da, a wiceprezesem Agnieszka Marks. <\/P><br \/>\n<P>Pro Direct jest operatorem pocztowym, specjalizuje si\u0119 w dystrybucji wysokonak\u0142adowych wysy\u0142ek reklamowych. Ponadto firma \u015bwiadczy us\u0142ugi dystrybucji bezadresowej, kolporta\u017cu i aktualizacji katalog\u00f3w teleadresowych, a tak\u017ce unikalny na rynku polskim serwis kurierski dedykowany sprzeda\u017cy telemarketingowej &#8211; Smart Couriers. <\/P><\/p>\n","protected":false},"excerpt":{"rendered":"Z pocz\u0105tkiem pa\u017adziernika zmieni\u0142 si\u0119 zarz\u0105d Pro Direct. Dotychczasowi cz\u0142onkowie zarz\u0105du &#8211; Piotr Wielgosz i Marcin Zejmowicz&#8230;","protected":false},"author":1,"featured_media":70837,"comment_status":"open","ping_status":"closed","sticky":false,"template":"","format":"standard","meta":{"csco_display_header_overlay":false,"csco_singular_sidebar":"","csco_page_header_type":"","csco_page_load_nextpost":"","csco_post_video_location":[],"csco_post_video_location_hash":"","csco_post_video_url":"","csco_post_video_bg_start_time":0,"csco_post_video_bg_end_time":0,"footnotes":""},"categories":[9678],"tags":[],"class_list":{"0":"post-70836","1":"post","2":"type-post","3":"status-publish","4":"format-standard","5":"has-post-thumbnail","7":"category-awanse","8":"cs-entry","9":"cs-video-wrap"},"_links":{"self":[{"href":"https:\/\/mediarun.com\/pl\/wp-json\/wp\/v2\/posts\/70836","targetHints":{"allow":["GET"]}}],"collection":[{"href":"https:\/\/mediarun.com\/pl\/wp-json\/wp\/v2\/posts"}],"about":[{"href":"https:\/\/mediarun.com\/pl\/wp-json\/wp\/v2\/types\/post"}],"author":[{"embeddable":true,"href":"https:\/\/mediarun.com\/pl\/wp-json\/wp\/v2\/users\/1"}],"replies":[{"embeddable":true,"href":"https:\/\/mediarun.com\/pl\/wp-json\/wp\/v2\/comments?post=70836"}],"version-history":[{"count":0,"href":"https:\/\/mediarun.com\/pl\/wp-json\/wp\/v2\/posts\/70836\/revisions"}],"wp:featuredmedia":[{"embeddable":true,"href":"https:\/\/mediarun.com\/pl\/wp-json\/wp\/v2\/media\/70837"}],"wp:attachment":[{"href":"https:\/\/mediarun.com\/pl\/wp-json\/wp\/v2\/media?parent=70836"}],"wp:term":[{"taxonomy":"category","embeddable":true,"href":"https:\/\/mediarun.com\/pl\/wp-json\/wp\/v2\/categories?post=70836"},{"taxonomy":"post_tag","embeddable":true,"href":"https:\/\/mediarun.com\/pl\/wp-json\/wp\/v2\/tags?post=70836"}],"curies":[{"name":"wp","href":"https:\/\/api.w.org\/{rel}","templated":true}]}}