{"id":7070,"date":"2012-04-09T23:20:41","date_gmt":"2012-04-09T21:20:41","guid":{"rendered":"https:\/\/mediarun.com\/index.php\/news-posts\/empik-juz-nie-chce-ksiazki-o-katarzynie-w\/"},"modified":"2012-04-09T23:20:41","modified_gmt":"2012-04-09T21:20:41","slug":"empik-juz-nie-chce-ksiazki-o-katarzynie-w","status":"publish","type":"post","link":"https:\/\/mediarun.com\/pl\/digital\/internet\/empik-juz-nie-chce-ksiazki-o-katarzynie-w.html","title":{"rendered":"Empik ju\u017c\u00a0nie chce ksi\u0105\u017cki o Katarzynie W."},"content":{"rendered":"<p>Przed \u015bwi\u0119tami na stronie sieci Empik pojawi\u0142a si\u0119 zapowied\u017a majowej premiery ksi\u0105\u017cki &#8222;Wybaczcie mi. Wiara, Nadzieja, Mi\u0142o\u015b\u0107&#8221;, po\u015bwi\u0119conej Katarzynie W., podejrzanej o spowodowanie \u015bmierci Madzi z Sosnowca.<\/p>\n<p>&#8222;Co teraz my\u015bli? Jak chce \u017cy\u0107 dalej? Czego \u017ca\u0142uje? Ta ksi\u0105\u017cka nie jest pr&oacute;b\u0105 wyja\u015bnienia, co sta\u0142o si\u0119 24 stycznia, w dniu \u015bmierci ma\u0142ej Madzi. To raczej pr&oacute;ba spojrzenia w dusz\u0119 m\u0142odej kobiety, kt&oacute;ra potrafi\u0142a k\u0142ama\u0107 tak przekonywuj\u0105co, \u017ce nie by\u0142o nikogo, kto by jej nie uwierzy\u0142&#8221; &#8211; zapowiada\u0142 ksi\u0105\u017ck\u0119 Izabeli Bartosz, redaktor naczelnej magazynu Gala, Empik.<\/p>\n<p>Publikacja mia\u0142a powsta\u0107 na podstawie roz&shy;m&oacute;w z Katarzyn\u0105 W., jej m\u0119\u017cem, te\u015bciow\u0105, zna&shy;jo&shy;mymi, nauczy&shy;ciel&shy;kami ze szko\u0142y, a tak\u017ce ksi\u0119\u017cmi.<\/p>\n<p>Po artykule Gazety Wyborczej na ten temat i protestach internaut&oacute;w Empik usun\u0105\u0142 zapowied\u017a ze stron sklepu.<\/p>\n<p>Sie\u0107 podkre\u015bli\u0142a, \u017ce nie identyfikuje si\u0119 i nie uto\u017csamia z opiniami publikowanymi w ksi\u0105\u017ckach, kt&oacute;re sprzedaje, ale jednocze\u015bnie rezygnuje z dystrybucji publikacji do momentu, a\u017c wydawca ksi\u0105\u017cki (Gruner + Jahr Polska) oraz jej autorka zajm\u0105 stanowisko w tej sprawie.<\/p>\n<p>&#8211; Postanowili\u015bmy wycofa\u0107 publikacj\u0119 &#8222;Wybaczcie mi&#8221; z przedsprzeda\u017cy z tego wzgl\u0119du, \u017ce bierzemy pod uwag\u0119 zdanie klient&oacute;w &#8211; czytamy w o\u015bwiadczeniu sieci.<\/p>\n<p>Premier\u0119 &#8222;Wybacz mi&#8221; wst\u0119pnie zaplanowano na 23 maja. Blisko 250-stronicowa ksi\u0105\u017cka mia\u0142a kosztowa\u0107&nbsp;31,99 z\u0142.<\/p>\n","protected":false},"excerpt":{"rendered":"Empik wycofa\u0142 ze swojej oferty ksi\u0105\u017ck\u0119 Izabeli Bartosz, redaktor naczelnej Gali, po\u015bwi\u0119con\u0105 Katarzynie W.","protected":false},"author":1,"featured_media":7071,"comment_status":"open","ping_status":"closed","sticky":false,"template":"","format":"standard","meta":{"csco_display_header_overlay":false,"csco_singular_sidebar":"","csco_page_header_type":"","csco_page_load_nextpost":"","csco_post_video_location":[],"csco_post_video_location_hash":"","csco_post_video_url":"","csco_post_video_bg_start_time":0,"csco_post_video_bg_end_time":0,"footnotes":""},"categories":[9676],"tags":[105,528],"class_list":{"0":"post-7070","1":"post","2":"type-post","3":"status-publish","4":"format-standard","5":"has-post-thumbnail","7":"category-internet","8":"tag-empik","9":"tag-gala","10":"cs-entry","11":"cs-video-wrap"},"_links":{"self":[{"href":"https:\/\/mediarun.com\/pl\/wp-json\/wp\/v2\/posts\/7070","targetHints":{"allow":["GET"]}}],"collection":[{"href":"https:\/\/mediarun.com\/pl\/wp-json\/wp\/v2\/posts"}],"about":[{"href":"https:\/\/mediarun.com\/pl\/wp-json\/wp\/v2\/types\/post"}],"author":[{"embeddable":true,"href":"https:\/\/mediarun.com\/pl\/wp-json\/wp\/v2\/users\/1"}],"replies":[{"embeddable":true,"href":"https:\/\/mediarun.com\/pl\/wp-json\/wp\/v2\/comments?post=7070"}],"version-history":[{"count":0,"href":"https:\/\/mediarun.com\/pl\/wp-json\/wp\/v2\/posts\/7070\/revisions"}],"wp:featuredmedia":[{"embeddable":true,"href":"https:\/\/mediarun.com\/pl\/wp-json\/wp\/v2\/media\/7071"}],"wp:attachment":[{"href":"https:\/\/mediarun.com\/pl\/wp-json\/wp\/v2\/media?parent=7070"}],"wp:term":[{"taxonomy":"category","embeddable":true,"href":"https:\/\/mediarun.com\/pl\/wp-json\/wp\/v2\/categories?post=7070"},{"taxonomy":"post_tag","embeddable":true,"href":"https:\/\/mediarun.com\/pl\/wp-json\/wp\/v2\/tags?post=7070"}],"curies":[{"name":"wp","href":"https:\/\/api.w.org\/{rel}","templated":true}]}}