{"id":7052,"date":"2012-04-10T14:11:12","date_gmt":"2012-04-10T12:11:12","guid":{"rendered":"https:\/\/mediarun.com\/index.php\/news-posts\/hanna-rydlewska-zastepca-machaly-w-natemat-pl\/"},"modified":"2012-04-10T14:11:12","modified_gmt":"2012-04-10T12:11:12","slug":"hanna-rydlewska-zastepca-machaly-w-natemat-pl","status":"publish","type":"post","link":"https:\/\/mediarun.com\/pl\/media\/prasa\/hanna-rydlewska-zastepca-machaly-w-natemat-pl.html","title":{"rendered":"Hanna Rydlewska zast\u0119pc\u0105 Macha\u0142y w naTemat.pl"},"content":{"rendered":"<p>Przed do\u0142\u0105czeniem do zespo\u0142u naTemat, Rydlewska by\u0142a naczeln\u0105 miesi\u0119cznika Exklusiv.<\/p>\n<p>Po awansie odpowiada ca\u0142o\u015bciowo za dzia\u0142y Kultura i Styl oraz Relaks, wsp&oacute;\u0142tworzy lini\u0119 redakcyjn\u0105 serwisu, odpowiada za rozw&oacute;j blogosfery w naTemat.<\/p>\n<p>&#8211; Do\u015bwiadczenie, umiej\u0119tno\u015bci i zaanga\u017cowanie Hani s\u0105 ogromn\u0105 warto\u015bci\u0105 w naszym projekcie. Uznali\u015bmy, \u017ce warto rozszerzy\u0107 zakres odpowiedzialno\u015bci Hani o kolejne obszary &#8211; m&oacute;wi Tomasz Macha\u0142a, redaktor naczelny projektu.<\/p>\n<p>naTemat.pl to medium informacyjno-publicystyczne, skupiaj\u0105ce teksty redakcyjne oraz blogi lider&oacute;w opinii. Swoje blogi prowadz\u0105, m.in.: Aleksander Kwa\u015bniewski, Leszek Miller, Irena Eris, Waldemar Pawlak, Dariusz Rosati, Janusz Palikot, Adam &#8222;Nergal&#8221; Darski czy Borys Szyc.<\/p>\n","protected":false},"excerpt":{"rendered":"Od 15 marca br. Hanna Rydlewska, dotychczasowa szefowa dzia\u0142u Kultura i Styl, awansowa\u0142a na stanowisko zast\u0119pcy redaktora naczelnego naTemat.pl.","protected":false},"author":1,"featured_media":7053,"comment_status":"open","ping_status":"closed","sticky":false,"template":"","format":"standard","meta":{"csco_display_header_overlay":false,"csco_singular_sidebar":"","csco_page_header_type":"","csco_page_load_nextpost":"","csco_post_video_location":[],"csco_post_video_location_hash":"","csco_post_video_url":"","csco_post_video_bg_start_time":0,"csco_post_video_bg_end_time":0,"footnotes":""},"categories":[9673],"tags":[1155],"class_list":{"0":"post-7052","1":"post","2":"type-post","3":"status-publish","4":"format-standard","5":"has-post-thumbnail","7":"category-prasa","8":"tag-natemat-pl","9":"cs-entry","10":"cs-video-wrap"},"_links":{"self":[{"href":"https:\/\/mediarun.com\/pl\/wp-json\/wp\/v2\/posts\/7052","targetHints":{"allow":["GET"]}}],"collection":[{"href":"https:\/\/mediarun.com\/pl\/wp-json\/wp\/v2\/posts"}],"about":[{"href":"https:\/\/mediarun.com\/pl\/wp-json\/wp\/v2\/types\/post"}],"author":[{"embeddable":true,"href":"https:\/\/mediarun.com\/pl\/wp-json\/wp\/v2\/users\/1"}],"replies":[{"embeddable":true,"href":"https:\/\/mediarun.com\/pl\/wp-json\/wp\/v2\/comments?post=7052"}],"version-history":[{"count":0,"href":"https:\/\/mediarun.com\/pl\/wp-json\/wp\/v2\/posts\/7052\/revisions"}],"wp:featuredmedia":[{"embeddable":true,"href":"https:\/\/mediarun.com\/pl\/wp-json\/wp\/v2\/media\/7053"}],"wp:attachment":[{"href":"https:\/\/mediarun.com\/pl\/wp-json\/wp\/v2\/media?parent=7052"}],"wp:term":[{"taxonomy":"category","embeddable":true,"href":"https:\/\/mediarun.com\/pl\/wp-json\/wp\/v2\/categories?post=7052"},{"taxonomy":"post_tag","embeddable":true,"href":"https:\/\/mediarun.com\/pl\/wp-json\/wp\/v2\/tags?post=7052"}],"curies":[{"name":"wp","href":"https:\/\/api.w.org\/{rel}","templated":true}]}}