{"id":7032,"date":"2012-04-11T13:37:12","date_gmt":"2012-04-11T11:37:12","guid":{"rendered":"https:\/\/mediarun.com\/index.php\/news-posts\/iv-sezon-gliniarzy-z-melbourne-w-axn\/"},"modified":"2012-04-11T13:37:12","modified_gmt":"2012-04-11T11:37:12","slug":"iv-sezon-gliniarzy-z-melbourne-w-axn","status":"publish","type":"post","link":"https:\/\/mediarun.com\/pl\/media\/tv\/iv-sezon-gliniarzy-z-melbourne-w-axn.html","title":{"rendered":"IV sezon &#8222;Gliniarzy z Melbourne&#8221; w AXN"},"content":{"rendered":"<p>W odr&oacute;\u017cnieniu od poprzednich edycji, teraz w ka\u017cdym odcinku nie b\u0119d\u0105 pokazywane odr\u0119bne \u015bledztwa. Akcja w ca\u0142ej serii b\u0119dzie rozgrywa\u0107 si\u0119 wok&oacute;\u0142 jednej, du\u017cej historii, osnutej na kanwach morderstwa pope\u0142nionego na wysoko postawionym oficerze policji stanu Wiktoria.<\/p>\n<p>Do Grupy Taktycznej Reakcji w roli jej nowego szefa do\u0142\u0105cza starszy sier\u017cant Charlie Lewis (w tej roli Antony Starr). Zast\u0119puje on starszego konstabla Michaela Sandrellego (Ashley Zukerman), kt&oacute;ry po tym jak zostaje zwolniony ze specjalnej jednostki, podejmuje si\u0119 tajnej misji w wyniku kt&oacute;rej zostaje postrzelony i ginie.<\/p>\n<p>Premiera IV sezonu &#8222;Gliniarzy z Melbourne&#8221; odb\u0119dzie si\u0119 25 kwietnia, o godz. 14.30 na kanale AXN. Kolejne odcinki emitowane b\u0119d\u0105 od poniedzia\u0142ku do pi\u0105tku o godz. 14.30, a powt&oacute;rki od poniedzia\u0142ku do pi\u0105tku o godz. 2.40.<\/p>\n","protected":false},"excerpt":{"rendered":"Od 25 kwietnia br. na antenie AXN pojawi si\u0119 IV sezon serialu &#8222;Gliniarzy z Melbourne&#8221;.","protected":false},"author":1,"featured_media":7033,"comment_status":"open","ping_status":"closed","sticky":false,"template":"","format":"standard","meta":{"csco_display_header_overlay":false,"csco_singular_sidebar":"","csco_page_header_type":"","csco_page_load_nextpost":"","csco_post_video_location":[],"csco_post_video_location_hash":"","csco_post_video_url":"","csco_post_video_bg_start_time":0,"csco_post_video_bg_end_time":0,"footnotes":""},"categories":[9670],"tags":[553,1120],"class_list":{"0":"post-7032","1":"post","2":"type-post","3":"status-publish","4":"format-standard","5":"has-post-thumbnail","7":"category-tv","8":"tag-axn","9":"tag-serial","10":"cs-entry","11":"cs-video-wrap"},"_links":{"self":[{"href":"https:\/\/mediarun.com\/pl\/wp-json\/wp\/v2\/posts\/7032","targetHints":{"allow":["GET"]}}],"collection":[{"href":"https:\/\/mediarun.com\/pl\/wp-json\/wp\/v2\/posts"}],"about":[{"href":"https:\/\/mediarun.com\/pl\/wp-json\/wp\/v2\/types\/post"}],"author":[{"embeddable":true,"href":"https:\/\/mediarun.com\/pl\/wp-json\/wp\/v2\/users\/1"}],"replies":[{"embeddable":true,"href":"https:\/\/mediarun.com\/pl\/wp-json\/wp\/v2\/comments?post=7032"}],"version-history":[{"count":0,"href":"https:\/\/mediarun.com\/pl\/wp-json\/wp\/v2\/posts\/7032\/revisions"}],"wp:featuredmedia":[{"embeddable":true,"href":"https:\/\/mediarun.com\/pl\/wp-json\/wp\/v2\/media\/7033"}],"wp:attachment":[{"href":"https:\/\/mediarun.com\/pl\/wp-json\/wp\/v2\/media?parent=7032"}],"wp:term":[{"taxonomy":"category","embeddable":true,"href":"https:\/\/mediarun.com\/pl\/wp-json\/wp\/v2\/categories?post=7032"},{"taxonomy":"post_tag","embeddable":true,"href":"https:\/\/mediarun.com\/pl\/wp-json\/wp\/v2\/tags?post=7032"}],"curies":[{"name":"wp","href":"https:\/\/api.w.org\/{rel}","templated":true}]}}