{"id":70128,"date":"2006-10-24T06:00:00","date_gmt":"2006-10-24T04:00:00","guid":{"rendered":"https:\/\/mediarun.com\/index.php\/news-posts\/milan-subotic-zdymisjonowany\/"},"modified":"2006-10-24T06:00:00","modified_gmt":"2006-10-24T04:00:00","slug":"milan-subotic-zdymisjonowany","status":"publish","type":"post","link":"https:\/\/mediarun.com\/pl\/media\/tv\/milan-subotic-zdymisjonowany.html","title":{"rendered":"Milan Suboti\u0107 zdymisjonowany"},"content":{"rendered":"<p><P>Decyzja prezesa zarz\u0105du &#8222;wynika z oceny dzia\u0142alno\u015bci Milana Suboticia w latach 80. i z faktu, i\u017c Milan Suboti\u0107 nie poinformowa\u0142 Stacji o podpisaniu w 1984 roku dokumentu o wsp\u00f3\u0142pracy z Wywiadem Wojskowym PRL&#8221;.<\/P><br \/>\n<P>Milan Suboti\u0107 zostanie zatrudniony w TVN w dziale techniki. &#8222;Ta decyzja wynika z faktu, i\u017c stacja nie dysponuje \u017cadnym dowodem, i\u017c w trakcie zatrudnienia w TVN w latach 1997-2006 Milan Suboti\u0107 prowadzi\u0142 jak\u0105kolwiek dzia\u0142alno\u015b\u0107 na rzecz s\u0142u\u017cb specjalnych a przeciwko interesom TVN. TVN w dalszym ci\u0105gu b\u0119dzie domaga\u0142 si\u0119 odtajnienia akt Milana Suboticia z okresu po 1989 roku, o ile takie akta istniej\u0105&#8221; &#8211; podano w o\u015bwiadczeniu.<\/P><br \/>\n<P>TVN zaapelowa\u0142 r\u00f3wnie\u017c do w\u0142adz o ca\u0142kowite odtajnienie akt dotycz\u0105cych os\u00f3b inwigiluj\u0105cych \u015brodowisko medialne.<\/P><br \/>\n<P>Spraw\u0119 agenturalnej przesz\u0142o\u015bci Milana Suboticia ujawni\u0142a dwa tygodnie temu Gazeta Polska.<\/P><\/p>\n","protected":false},"excerpt":{"rendered":"Piotr Walter zwolni\u0142 Milana Suboticia z funkcji zast\u0119pcy dyrektora programowego TVN i usun\u0105\u0142 go z dzia\u0142u programowego stacji &#8211; podano w wieczornych &quot;Faktach&quot; telewizji TVN.","protected":false},"author":1,"featured_media":70129,"comment_status":"open","ping_status":"closed","sticky":false,"template":"","format":"standard","meta":{"csco_display_header_overlay":false,"csco_singular_sidebar":"","csco_page_header_type":"","csco_page_load_nextpost":"","csco_post_video_location":[],"csco_post_video_location_hash":"","csco_post_video_url":"","csco_post_video_bg_start_time":0,"csco_post_video_bg_end_time":0,"footnotes":""},"categories":[9670],"tags":[],"class_list":{"0":"post-70128","1":"post","2":"type-post","3":"status-publish","4":"format-standard","5":"has-post-thumbnail","7":"category-tv","8":"cs-entry","9":"cs-video-wrap"},"_links":{"self":[{"href":"https:\/\/mediarun.com\/pl\/wp-json\/wp\/v2\/posts\/70128","targetHints":{"allow":["GET"]}}],"collection":[{"href":"https:\/\/mediarun.com\/pl\/wp-json\/wp\/v2\/posts"}],"about":[{"href":"https:\/\/mediarun.com\/pl\/wp-json\/wp\/v2\/types\/post"}],"author":[{"embeddable":true,"href":"https:\/\/mediarun.com\/pl\/wp-json\/wp\/v2\/users\/1"}],"replies":[{"embeddable":true,"href":"https:\/\/mediarun.com\/pl\/wp-json\/wp\/v2\/comments?post=70128"}],"version-history":[{"count":0,"href":"https:\/\/mediarun.com\/pl\/wp-json\/wp\/v2\/posts\/70128\/revisions"}],"wp:featuredmedia":[{"embeddable":true,"href":"https:\/\/mediarun.com\/pl\/wp-json\/wp\/v2\/media\/70129"}],"wp:attachment":[{"href":"https:\/\/mediarun.com\/pl\/wp-json\/wp\/v2\/media?parent=70128"}],"wp:term":[{"taxonomy":"category","embeddable":true,"href":"https:\/\/mediarun.com\/pl\/wp-json\/wp\/v2\/categories?post=70128"},{"taxonomy":"post_tag","embeddable":true,"href":"https:\/\/mediarun.com\/pl\/wp-json\/wp\/v2\/tags?post=70128"}],"curies":[{"name":"wp","href":"https:\/\/api.w.org\/{rel}","templated":true}]}}