{"id":70091,"date":"2006-10-24T16:56:42","date_gmt":"2006-10-24T14:56:42","guid":{"rendered":"https:\/\/mediarun.com\/index.php\/news-posts\/nowy-program-w-vox-fm\/"},"modified":"2006-10-24T16:56:42","modified_gmt":"2006-10-24T14:56:42","slug":"nowy-program-w-vox-fm","status":"publish","type":"post","link":"https:\/\/mediarun.com\/pl\/media\/radio\/nowy-program-w-vox-fm.html","title":{"rendered":"Nowy program w Vox FM"},"content":{"rendered":"<p>Rozmowy w programie &#8216;Wolna sobota&#8217; odbywa\u0107 si\u0119 b\u0119d\u0105 pod has\u0142em &#8216;nadzwyczajni &#8211; zwyczajni&#8217;. Program nadawany b\u0119dzie w ka\u017cd\u0105 sobot\u0119 mi\u0119dzy godzina 9 a 12.<\/p>\n<p>Ma\u0142gorzata Wyszy\u0144ska pracuje obecnie w Telewizji Polskiej. Od niedawna prowadzi &#8216;Wiadomo\u015bci&#8217; w TVP1. Wcze\u015bniej by\u0142a gospodarzem &#8216;Teleexpressu&#8217;.<\/p>\n","protected":false},"excerpt":{"rendered":"Ma\u0142gorzata Wyszy\u0144ska, dziennikarka telewizyjnej Jedynki, b\u0119dzie mia\u0142a od najbli\u017cszej soboty sw\u00f3j autorski program &#8216;Wolna sobota&#8217; w Radiu Vox FM. W audycji Wyszy\u0144ska porozmawia ze znanymi osobami na temat ich \u017cycia, codzienno\u015bci i relacji mi\u0119dzyludzkich.","protected":false},"author":1,"featured_media":70092,"comment_status":"open","ping_status":"closed","sticky":false,"template":"","format":"standard","meta":{"csco_display_header_overlay":false,"csco_singular_sidebar":"","csco_page_header_type":"","csco_page_load_nextpost":"","csco_post_video_location":[],"csco_post_video_location_hash":"","csco_post_video_url":"","csco_post_video_bg_start_time":0,"csco_post_video_bg_end_time":0,"footnotes":""},"categories":[9672],"tags":[],"class_list":{"0":"post-70091","1":"post","2":"type-post","3":"status-publish","4":"format-standard","5":"has-post-thumbnail","7":"category-radio","8":"cs-entry","9":"cs-video-wrap"},"_links":{"self":[{"href":"https:\/\/mediarun.com\/pl\/wp-json\/wp\/v2\/posts\/70091","targetHints":{"allow":["GET"]}}],"collection":[{"href":"https:\/\/mediarun.com\/pl\/wp-json\/wp\/v2\/posts"}],"about":[{"href":"https:\/\/mediarun.com\/pl\/wp-json\/wp\/v2\/types\/post"}],"author":[{"embeddable":true,"href":"https:\/\/mediarun.com\/pl\/wp-json\/wp\/v2\/users\/1"}],"replies":[{"embeddable":true,"href":"https:\/\/mediarun.com\/pl\/wp-json\/wp\/v2\/comments?post=70091"}],"version-history":[{"count":0,"href":"https:\/\/mediarun.com\/pl\/wp-json\/wp\/v2\/posts\/70091\/revisions"}],"wp:featuredmedia":[{"embeddable":true,"href":"https:\/\/mediarun.com\/pl\/wp-json\/wp\/v2\/media\/70092"}],"wp:attachment":[{"href":"https:\/\/mediarun.com\/pl\/wp-json\/wp\/v2\/media?parent=70091"}],"wp:term":[{"taxonomy":"category","embeddable":true,"href":"https:\/\/mediarun.com\/pl\/wp-json\/wp\/v2\/categories?post=70091"},{"taxonomy":"post_tag","embeddable":true,"href":"https:\/\/mediarun.com\/pl\/wp-json\/wp\/v2\/tags?post=70091"}],"curies":[{"name":"wp","href":"https:\/\/api.w.org\/{rel}","templated":true}]}}