{"id":70084,"date":"2006-10-24T21:21:24","date_gmt":"2006-10-24T19:21:24","guid":{"rendered":"https:\/\/mediarun.com\/index.php\/news-posts\/subotic-przesuniety-do-dzialu-techniki-tvn\/"},"modified":"2006-10-24T21:21:24","modified_gmt":"2006-10-24T19:21:24","slug":"subotic-przesuniety-do-dzialu-techniki-tvn","status":"publish","type":"post","link":"https:\/\/mediarun.com\/pl\/media\/tv\/subotic-przesuniety-do-dzialu-techniki-tvn.html","title":{"rendered":"Subotic przesuni\u0119ty do dzia\u0142u techniki TVN"},"content":{"rendered":"<p>Jak g\u0142osi o\u015bwiadczenie TVN, decyzja o zwolnieniu Subotica z funkcji sekretarza programowego TVN wynika z oceny jego dzia\u0142alno\u015bci w latach 80. i z faktu, \u017ce nie poinformowa\u0142 on stacji o fakcie wsp\u00f3\u0142pracy z Wywiadem Wojskowym PRL.<\/p>\n<p>Powodem pozostawienia Subotica w stacji i przeniesienia go do dzia\u0142u techniki jest natomiast fakt, i\u017c TVN nie posiada \u017cadnych dowod\u00f3w na to, \u017ce w okresie w kt\u00f3rym Subotic pracowa\u0142 w stacji (lata 1997 &#8211; 2006), prowadzi\u0142 jak\u0105kolwiek dzia\u0142alno\u015b\u0107 na rzecz s\u0142u\u017cb specjalnych.<\/p>\n<p>Jednocze\u015bnie w komunikacie czytamy, \u017ce TVN nadal domaga si\u0119 odtajnienia dokument\u00f3w na temat domniemanej wsp\u00f3\u0142pracy Milana Subotica ze s\u0142u\u017cbami w latach 90., je\u015bli takowe istniej\u0105.  <\/p>\n<p>Stacja apeluje r\u00f3wnie\u017c do w\u0142adz o ca\u0142kowite odtajnienie akt dotycz\u0105cych os\u00f3b, kt\u00f3re mia\u0142y inwigilowa\u0107 \u015brodowisko medialne. &#8211; Utrzymanie obecnego stanu rzeczy, w kt\u00f3rym s\u0142u\u017cby specjalne nadal jako jedyne maj\u0105 dost\u0119p do utajnionych materia\u0142\u00f3w mo\u017ce prowadzi\u0107 do manipulacji mediami i opini\u0105 publiczn\u0105 &#8211; g\u0142osi komunikat.<\/p>\n<p>O tym, \u017ce Milan Subotic wsp\u00f3\u0142pracowa\u0142 z Wywiadem Wojskowym PRL pierwsza napisa\u0142a na pocz\u0105tku pa\u017adziernika Gazeta Polska, nie podaj\u0105c jednak \u017cadnych dowod\u00f3w. Dopiero w miniony pi\u0105tek zosta\u0142y odtajnione przez ministra obrony narodowej dokumenty z IPN z kt\u00f3rych wynika, \u017ce Subotic zosta\u0142 zwerbowany przez s\u0142u\u017cby w 1984 roku. Wywiad chcia\u0142, \u017ceby agent rozpracowywa\u0142 \u015brodowisko TVP, cudzoziemc\u00f3w utrzymuj\u0105cych kontakt z telewizj\u0105, a tak\u017ce by informowa\u0142 o nastrojach w pracy.  <\/p>\n<p>Z kolei niekt\u00f3re doniesienia medialne wspominaj\u0105 o tym, \u017ce po 1989 dziennikarz m\u00f3g\u0142 kontynuowa\u0107 wsp\u00f3\u0142prac\u0119, b\u0119d\u0105c agentem Wojskowych S\u0142u\u017cb Informacyjnych. Na to dowod\u00f3w na razie brak.<\/p>\n<p>Subotic w rozmowie z dziennikiem Rzeczpospolita przyzna\u0142, \u017ce podpisa\u0142 dokumenty dotycz\u0105ce wsp\u00f3\u0142pracy z Wywiadem Wojskowym PRL. &#8211; Nigdy nie napisa\u0142em donosu, nie z\u0142o\u017cy\u0142em \u017cadnego raportu &#8211; zapewnia\u0142 jednak.<\/p>\n","protected":false},"excerpt":{"rendered":"Milan Subotic nie jest ju\u017c sekretarzem programowym TVN &#8211; poinformowa\u0142a dzi\u015b stacja w specjalnym komunikacie odczytanym w Faktach. To efekt ujawnienia dokument\u00f3w o wsp\u00f3\u0142pracy dziennikarza z tajnymi s\u0142u\u017cbami PRL. Subotic nie odejdzie jednak z TVN, ma bowiem zosta\u0107 zatrudniony w dziale techniki stacji.","protected":false},"author":1,"featured_media":70085,"comment_status":"open","ping_status":"closed","sticky":false,"template":"","format":"standard","meta":{"csco_display_header_overlay":false,"csco_singular_sidebar":"","csco_page_header_type":"","csco_page_load_nextpost":"","csco_post_video_location":[],"csco_post_video_location_hash":"","csco_post_video_url":"","csco_post_video_bg_start_time":0,"csco_post_video_bg_end_time":0,"footnotes":""},"categories":[9670],"tags":[],"class_list":{"0":"post-70084","1":"post","2":"type-post","3":"status-publish","4":"format-standard","5":"has-post-thumbnail","7":"category-tv","8":"cs-entry","9":"cs-video-wrap"},"_links":{"self":[{"href":"https:\/\/mediarun.com\/pl\/wp-json\/wp\/v2\/posts\/70084","targetHints":{"allow":["GET"]}}],"collection":[{"href":"https:\/\/mediarun.com\/pl\/wp-json\/wp\/v2\/posts"}],"about":[{"href":"https:\/\/mediarun.com\/pl\/wp-json\/wp\/v2\/types\/post"}],"author":[{"embeddable":true,"href":"https:\/\/mediarun.com\/pl\/wp-json\/wp\/v2\/users\/1"}],"replies":[{"embeddable":true,"href":"https:\/\/mediarun.com\/pl\/wp-json\/wp\/v2\/comments?post=70084"}],"version-history":[{"count":0,"href":"https:\/\/mediarun.com\/pl\/wp-json\/wp\/v2\/posts\/70084\/revisions"}],"wp:featuredmedia":[{"embeddable":true,"href":"https:\/\/mediarun.com\/pl\/wp-json\/wp\/v2\/media\/70085"}],"wp:attachment":[{"href":"https:\/\/mediarun.com\/pl\/wp-json\/wp\/v2\/media?parent=70084"}],"wp:term":[{"taxonomy":"category","embeddable":true,"href":"https:\/\/mediarun.com\/pl\/wp-json\/wp\/v2\/categories?post=70084"},{"taxonomy":"post_tag","embeddable":true,"href":"https:\/\/mediarun.com\/pl\/wp-json\/wp\/v2\/tags?post=70084"}],"curies":[{"name":"wp","href":"https:\/\/api.w.org\/{rel}","templated":true}]}}