{"id":69989,"date":"2006-10-26T06:00:00","date_gmt":"2006-10-26T04:00:00","guid":{"rendered":"https:\/\/mediarun.com\/index.php\/news-posts\/newsweek-stracil-kolejnego-dziennikarza\/"},"modified":"2006-10-26T06:00:00","modified_gmt":"2006-10-26T04:00:00","slug":"newsweek-stracil-kolejnego-dziennikarza","status":"publish","type":"post","link":"https:\/\/mediarun.com\/pl\/ludzie\/awanse\/newsweek-stracil-kolejnego-dziennikarza.html","title":{"rendered":"Newsweek straci\u0142 kolejnego dziennikarza"},"content":{"rendered":"<p><P>publicysty&nbsp;tygodnika Newsweek Polska.<\/P><br \/>\n<P>Przed podj\u0119ciem pracy w Newsweeku Terlikowski pracowa\u0142 na stanowisku zast\u0119pcy redaktora naczelnego w zamkni\u0119tym ju\u017c tygodniku Ozon.<\/P><br \/>\n<P>Pr\u00f3cz Terlikowskiego z Newsweeka do Polskapresse przesli ju\u017c Tomasz Wr\u00f3blewski, Pawe\u0142 F\u0105fara, Pawe\u0142 Siennicki i Wojciech Rogacin.<\/P><\/p>\n","protected":false},"excerpt":{"rendered":"Tomasz Terlikowski do\u0142\u0105czy do zespo\u0142u pracuj\u0105cego nad nowym projektem Polskapresse. Dotychczas pe\u0142ni\u0142 funkcj\u0119&#8230;","protected":false},"author":1,"featured_media":69990,"comment_status":"open","ping_status":"closed","sticky":false,"template":"","format":"standard","meta":{"csco_display_header_overlay":false,"csco_singular_sidebar":"","csco_page_header_type":"","csco_page_load_nextpost":"","csco_post_video_location":[],"csco_post_video_location_hash":"","csco_post_video_url":"","csco_post_video_bg_start_time":0,"csco_post_video_bg_end_time":0,"footnotes":""},"categories":[9678],"tags":[68],"class_list":{"0":"post-69989","1":"post","2":"type-post","3":"status-publish","4":"format-standard","5":"has-post-thumbnail","7":"category-awanse","8":"tag-polskapresse","9":"cs-entry","10":"cs-video-wrap"},"_links":{"self":[{"href":"https:\/\/mediarun.com\/pl\/wp-json\/wp\/v2\/posts\/69989","targetHints":{"allow":["GET"]}}],"collection":[{"href":"https:\/\/mediarun.com\/pl\/wp-json\/wp\/v2\/posts"}],"about":[{"href":"https:\/\/mediarun.com\/pl\/wp-json\/wp\/v2\/types\/post"}],"author":[{"embeddable":true,"href":"https:\/\/mediarun.com\/pl\/wp-json\/wp\/v2\/users\/1"}],"replies":[{"embeddable":true,"href":"https:\/\/mediarun.com\/pl\/wp-json\/wp\/v2\/comments?post=69989"}],"version-history":[{"count":0,"href":"https:\/\/mediarun.com\/pl\/wp-json\/wp\/v2\/posts\/69989\/revisions"}],"wp:featuredmedia":[{"embeddable":true,"href":"https:\/\/mediarun.com\/pl\/wp-json\/wp\/v2\/media\/69990"}],"wp:attachment":[{"href":"https:\/\/mediarun.com\/pl\/wp-json\/wp\/v2\/media?parent=69989"}],"wp:term":[{"taxonomy":"category","embeddable":true,"href":"https:\/\/mediarun.com\/pl\/wp-json\/wp\/v2\/categories?post=69989"},{"taxonomy":"post_tag","embeddable":true,"href":"https:\/\/mediarun.com\/pl\/wp-json\/wp\/v2\/tags?post=69989"}],"curies":[{"name":"wp","href":"https:\/\/api.w.org\/{rel}","templated":true}]}}