{"id":69974,"date":"2006-10-26T06:00:00","date_gmt":"2006-10-26T04:00:00","guid":{"rendered":"https:\/\/mediarun.com\/index.php\/news-posts\/paralotna-swiatecznie-dla-empiku\/"},"modified":"2006-10-26T06:00:00","modified_gmt":"2006-10-26T04:00:00","slug":"paralotna-swiatecznie-dla-empiku","status":"publish","type":"post","link":"https:\/\/mediarun.com\/pl\/marketing\/atl\/paralotna-swiatecznie-dla-empiku.html","title":{"rendered":"Paralotna \u015bwi\u0105tecznie dla Empiku"},"content":{"rendered":"<p><P>r\u00f3wnie\u017c udzia\u0142 agencje KreacjaPro i Grandes Kochonos.<\/P><br \/>\n<P>&#8211; Troch\u0119 poczytali\u015bmy, poogl\u0105dali\u015bmy, pos\u0142uchali\u015bmy muzyki i wygrali\u015bmy przetarg &#8211; \u017cartuje Mariusz Bagan, creative group head Paralotnej.<\/P><br \/>\n<P>Kreacje \u015bwi\u0105teczne przygotowane przez Paralotn\u0105 b\u0119d\u0105 elementem pierwszej od kilku lat kampanii wizerunkowej Empiku. Kampania, kt\u00f3ra ruszy w po\u0142owie listopada, obejmie swoim zasi\u0119giem pras\u0119, radio, outdoor oraz dzia\u0142ania z zakresu ambient media. <\/P><br \/>\n<P>Planowaniem i zakupem medi\u00f3w zajmuje si\u0119 dom mediowy PanMedia Western.<\/P><\/p>\n","protected":false},"excerpt":{"rendered":"Paralotna wygra\u0142a przetarg i b\u0119dzie obs\u0142ugiwa\u0107 Empik w zakresie kreacji kampanii \u015bwi\u0105tecznej. W drugiej fazie przetargu wzi\u0119\u0142y&#8230;","protected":false},"author":1,"featured_media":69975,"comment_status":"open","ping_status":"closed","sticky":false,"template":"","format":"standard","meta":{"csco_display_header_overlay":false,"csco_singular_sidebar":"","csco_page_header_type":"","csco_page_load_nextpost":"","csco_post_video_location":[],"csco_post_video_location_hash":"","csco_post_video_url":"","csco_post_video_bg_start_time":0,"csco_post_video_bg_end_time":0,"footnotes":""},"categories":[9642],"tags":[822],"class_list":{"0":"post-69974","1":"post","2":"type-post","3":"status-publish","4":"format-standard","5":"has-post-thumbnail","7":"category-atl","8":"tag-paralotna","9":"cs-entry","10":"cs-video-wrap"},"_links":{"self":[{"href":"https:\/\/mediarun.com\/pl\/wp-json\/wp\/v2\/posts\/69974","targetHints":{"allow":["GET"]}}],"collection":[{"href":"https:\/\/mediarun.com\/pl\/wp-json\/wp\/v2\/posts"}],"about":[{"href":"https:\/\/mediarun.com\/pl\/wp-json\/wp\/v2\/types\/post"}],"author":[{"embeddable":true,"href":"https:\/\/mediarun.com\/pl\/wp-json\/wp\/v2\/users\/1"}],"replies":[{"embeddable":true,"href":"https:\/\/mediarun.com\/pl\/wp-json\/wp\/v2\/comments?post=69974"}],"version-history":[{"count":0,"href":"https:\/\/mediarun.com\/pl\/wp-json\/wp\/v2\/posts\/69974\/revisions"}],"wp:featuredmedia":[{"embeddable":true,"href":"https:\/\/mediarun.com\/pl\/wp-json\/wp\/v2\/media\/69975"}],"wp:attachment":[{"href":"https:\/\/mediarun.com\/pl\/wp-json\/wp\/v2\/media?parent=69974"}],"wp:term":[{"taxonomy":"category","embeddable":true,"href":"https:\/\/mediarun.com\/pl\/wp-json\/wp\/v2\/categories?post=69974"},{"taxonomy":"post_tag","embeddable":true,"href":"https:\/\/mediarun.com\/pl\/wp-json\/wp\/v2\/tags?post=69974"}],"curies":[{"name":"wp","href":"https:\/\/api.w.org\/{rel}","templated":true}]}}