{"id":69932,"date":"2006-10-27T06:00:00","date_gmt":"2006-10-27T04:00:00","guid":{"rendered":"https:\/\/mediarun.com\/index.php\/news-posts\/nowy-sekretarz-w-redakcji-dziennika\/"},"modified":"2006-10-27T06:00:00","modified_gmt":"2006-10-27T04:00:00","slug":"nowy-sekretarz-w-redakcji-dziennika","status":"publish","type":"post","link":"https:\/\/mediarun.com\/pl\/ludzie\/awanse\/nowy-sekretarz-w-redakcji-dziennika.html","title":{"rendered":"Nowy sekretarz w redakcji Dziennika"},"content":{"rendered":"<p><P>Do ko\u0144ca wrze\u015bnia Moskalewicz pe\u0142ni\u0142 funkcj\u0119 zast\u0119pcy redaktora naczelnego dziennika Rzeczpospolita. <\/P><br \/>\n<P>Wcze\u015bniej pracowa\u0142 r\u00f3wnie\u017c w Pulsie Biznesu i tygodniku Newsweek Polska.<\/P><\/p>\n","protected":false},"excerpt":{"rendered":"Pawe\u0142 Moskalewicz obj\u0105\u0142 stanowisko sekretarza redakcji Dziennika (Axel Springer Polska). Od lipca miejsce to by\u0142o nieobsadzone.","protected":false},"author":1,"featured_media":69933,"comment_status":"open","ping_status":"closed","sticky":false,"template":"","format":"standard","meta":{"csco_display_header_overlay":false,"csco_singular_sidebar":"","csco_page_header_type":"","csco_page_load_nextpost":"","csco_post_video_location":[],"csco_post_video_location_hash":"","csco_post_video_url":"","csco_post_video_bg_start_time":0,"csco_post_video_bg_end_time":0,"footnotes":""},"categories":[9678],"tags":[126],"class_list":{"0":"post-69932","1":"post","2":"type-post","3":"status-publish","4":"format-standard","5":"has-post-thumbnail","7":"category-awanse","8":"tag-ringier-axel-springer","9":"cs-entry","10":"cs-video-wrap"},"_links":{"self":[{"href":"https:\/\/mediarun.com\/pl\/wp-json\/wp\/v2\/posts\/69932","targetHints":{"allow":["GET"]}}],"collection":[{"href":"https:\/\/mediarun.com\/pl\/wp-json\/wp\/v2\/posts"}],"about":[{"href":"https:\/\/mediarun.com\/pl\/wp-json\/wp\/v2\/types\/post"}],"author":[{"embeddable":true,"href":"https:\/\/mediarun.com\/pl\/wp-json\/wp\/v2\/users\/1"}],"replies":[{"embeddable":true,"href":"https:\/\/mediarun.com\/pl\/wp-json\/wp\/v2\/comments?post=69932"}],"version-history":[{"count":0,"href":"https:\/\/mediarun.com\/pl\/wp-json\/wp\/v2\/posts\/69932\/revisions"}],"wp:featuredmedia":[{"embeddable":true,"href":"https:\/\/mediarun.com\/pl\/wp-json\/wp\/v2\/media\/69933"}],"wp:attachment":[{"href":"https:\/\/mediarun.com\/pl\/wp-json\/wp\/v2\/media?parent=69932"}],"wp:term":[{"taxonomy":"category","embeddable":true,"href":"https:\/\/mediarun.com\/pl\/wp-json\/wp\/v2\/categories?post=69932"},{"taxonomy":"post_tag","embeddable":true,"href":"https:\/\/mediarun.com\/pl\/wp-json\/wp\/v2\/tags?post=69932"}],"curies":[{"name":"wp","href":"https:\/\/api.w.org\/{rel}","templated":true}]}}