{"id":69928,"date":"2006-10-27T06:00:00","date_gmt":"2006-10-27T04:00:00","guid":{"rendered":"https:\/\/mediarun.com\/index.php\/news-posts\/eurozet-ma-nowego-pelnomocnika-zarzadu\/"},"modified":"2006-10-27T06:00:00","modified_gmt":"2006-10-27T04:00:00","slug":"eurozet-ma-nowego-pelnomocnika-zarzadu","status":"publish","type":"post","link":"https:\/\/mediarun.com\/pl\/ludzie\/awanse\/eurozet-ma-nowego-pelnomocnika-zarzadu.html","title":{"rendered":"Eurozet ma nowego pe\u0142nomocnika zarz\u0105du"},"content":{"rendered":"<p><P>B\u0119dzie&nbsp;odpowiedzialna&nbsp;za integracj\u0119 dzia\u0142u sprzeda\u017cy z dzia\u0142em akcji specjalnych i nowych \u017ar\u00f3de\u0142 przychodu oraz rozw\u00f3j oferty radiowej w kierunku interaktywnego wykorzystania nowych kana\u0142\u00f3w komunikacji. <\/P><br \/>\n<P>Obsada pozosta\u0142ych stanowisk w domu sprzeda\u017cy radia RRM oraz Grupie Eurozet pozostaje bez zmian. <\/P><\/p>\n","protected":false},"excerpt":{"rendered":"Jadwiga Ford zosta\u0142a nowym pe\u0142nomocnikiem zarz\u0105du sp\u00f3\u0142ki Eurozet ds. marketingu i sprzeda\u017cy.","protected":false},"author":1,"featured_media":69929,"comment_status":"open","ping_status":"closed","sticky":false,"template":"","format":"standard","meta":{"csco_display_header_overlay":false,"csco_singular_sidebar":"","csco_page_header_type":"","csco_page_load_nextpost":"","csco_post_video_location":[],"csco_post_video_location_hash":"","csco_post_video_url":"","csco_post_video_bg_start_time":0,"csco_post_video_bg_end_time":0,"footnotes":""},"categories":[9678],"tags":[174],"class_list":{"0":"post-69928","1":"post","2":"type-post","3":"status-publish","4":"format-standard","5":"has-post-thumbnail","7":"category-awanse","8":"tag-eurozet","9":"cs-entry","10":"cs-video-wrap"},"_links":{"self":[{"href":"https:\/\/mediarun.com\/pl\/wp-json\/wp\/v2\/posts\/69928","targetHints":{"allow":["GET"]}}],"collection":[{"href":"https:\/\/mediarun.com\/pl\/wp-json\/wp\/v2\/posts"}],"about":[{"href":"https:\/\/mediarun.com\/pl\/wp-json\/wp\/v2\/types\/post"}],"author":[{"embeddable":true,"href":"https:\/\/mediarun.com\/pl\/wp-json\/wp\/v2\/users\/1"}],"replies":[{"embeddable":true,"href":"https:\/\/mediarun.com\/pl\/wp-json\/wp\/v2\/comments?post=69928"}],"version-history":[{"count":0,"href":"https:\/\/mediarun.com\/pl\/wp-json\/wp\/v2\/posts\/69928\/revisions"}],"wp:featuredmedia":[{"embeddable":true,"href":"https:\/\/mediarun.com\/pl\/wp-json\/wp\/v2\/media\/69929"}],"wp:attachment":[{"href":"https:\/\/mediarun.com\/pl\/wp-json\/wp\/v2\/media?parent=69928"}],"wp:term":[{"taxonomy":"category","embeddable":true,"href":"https:\/\/mediarun.com\/pl\/wp-json\/wp\/v2\/categories?post=69928"},{"taxonomy":"post_tag","embeddable":true,"href":"https:\/\/mediarun.com\/pl\/wp-json\/wp\/v2\/tags?post=69928"}],"curies":[{"name":"wp","href":"https:\/\/api.w.org\/{rel}","templated":true}]}}