{"id":69848,"date":"2006-10-30T13:15:23","date_gmt":"2006-10-30T12:15:23","guid":{"rendered":"https:\/\/mediarun.com\/index.php\/news-posts\/nowy-wlasciciel-bez-rewolucji-w-rmf-fm\/"},"modified":"2006-10-30T13:15:23","modified_gmt":"2006-10-30T12:15:23","slug":"nowy-wlasciciel-bez-rewolucji-w-rmf-fm","status":"publish","type":"post","link":"https:\/\/mediarun.com\/pl\/media\/radio\/nowy-wlasciciel-bez-rewolucji-w-rmf-fm.html","title":{"rendered":"Nowy w\u0142a\u015bciciel &#8211; bez rewolucji w RMF FM"},"content":{"rendered":"<p>&#8211; Prezes Tyczynski nie od dzi\u015b zaskakuje uczestnik\u00f3w rynku, nie inaczej by\u0142o i tym razem. Jednak\u017ce zaskoczenie dotyczy raczej stosunkowo dobrze zakamuflowanej niemal do ko\u0144ca operacji &#8211; m\u00f3wi nam Maciej Teliszewski, dyrektor pionu radiowego w CR Media Consulting.<\/p>\n<p>Leszek Kozio\u0142, prezes Radia Eska, przypomina, \u017ce informacja o sprzeda\u017cy Brokera przez jej wi\u0119kszo\u015bciowych akcjonariuszy kr\u0105\u017cy\u0142a od kilku miesi\u0119cy. &#8211; I jak si\u0119 okazuje by\u0142a prawdziwa &#8211; stwierdza Kozio\u0142.<\/p>\n<p>Maciej Teliszewski zaznacza jednak, \u017ce sama operacja nie mo\u017ce zastanawia\u0107 zw\u0142aszcza osoby na bie\u017c\u0105co \u015bledz\u0105ce rynek i zajmuj\u0105ce si\u0119 przewidywaniem mo\u017cliwych scenariuszy rynkowych.<\/p>\n<p>&#8211; Takie operacje s\u0105 udzia\u0142em wi\u0119kszo\u015bci rynk\u00f3w \u015bwiatowych i nie stanowi\u0105 niczego nowego. Du\u017cy koncern medialny przejmuje lokaln\u0105 sp\u00f3\u0142k\u0119 medialn\u0105, a w swojej strategii zak\u0142ada przejmowanie lider\u00f3w i rozw\u00f3j horyzontalny. To do\u015b\u0107 cz\u0119sto spotykana strategia. I typowa dla koncernu Bauer &#8211; wyja\u015bnia nam Teliszewski.<\/p>\n<p>Leszek Kozio\u0142 uwa\u017ca, \u017ce moment sprzeda\u017cy Brokera jest dla dotychczasowych akcjonariuszy bardzo dobry. &#8211; RMF jest liderem rynku radiowego, Broker FM ma dobre wyniki finansowe, panuje dobra koniunktura na rynku reklamowym &#8211; wymienia prezes Radia Eska.<\/p>\n<p>&#8211; RMF to bardzo dobre radio komercyjne, \u015bwietny zesp\u00f3\u0142 i doskona\u0142a baza techniczna. Z tego powodu, nie nale\u017cy oczekiwa\u0107 du\u017cych zmian, bo mog\u0142yby one \u017ale wp\u0142yn\u0105\u0107 na program i pozycj\u0119 radia &#8211; m\u00f3wi nam Kozio\u0142. &#8211; Zmiany, kt\u00f3re mog\u0105 by\u0107 zauwa\u017calne w najbli\u017cszym roku na antenie b\u0119d\u0105 raczej wynika\u0142y ze \u015bci\u015blejszej wsp\u00f3\u0142pracy radia w wydawnictwami i mog\u0105 i\u015b\u0107 w kierunku wi\u0119kszej komercjalizacji programu &#8211; dodaje.<\/p>\n<p>Zdaniem Rafa\u0142a Oracza, dyrektora generalnego CR Media Consulting, Bauer mo\u017ce mie\u0107 problem\u00f3w RMF FM wi\u0119cej problem\u00f3w ni\u017c korzy\u015bci. &#8211; Po pierwsze ani rynek radiowy ani sam RMF nie maj\u0105 ju\u017c du\u017cego potencja\u0142u wzrostu. Po drugie rynek radiowy jest rynkiem klienta i pozyskiwanie reklam wymaga du\u017co wi\u0119cej elastyczno\u015bci ni\u017c ma to miejsce w przypadku tytu\u0142\u00f3w \u017cyj\u0105cych g\u0142ownie ze sprzeda\u017cy egzemplarzowej. Po trzecie powstaje pytanie jak w tym kontek\u015bcie maj\u0105 wygl\u0105da\u0107 plany rozwoju Brokera &#8211; t\u0142umaczy nam Oracz.<\/p>\n","protected":false},"excerpt":{"rendered":"Firma Bauer Media Invest GmbH, nale\u017c\u0105c\u0105 do Wydawnictwa Bauer, chce przej\u0105\u0107 sp\u00f3\u0142k\u0119 Broker FM, w\u0142a\u015bciciela m.in. RMF FM. Zdaniem naszych rozm\u00f3wc\u00f3w nie wp\u0142ynie to znacz\u0105co na zmiany w samej rozg\u0142o\u015bni. &#8211; W kr\u00f3tkim okresie transakcja nie b\u0119dzie mia\u0142a istotnego znaczenia dla funkcjonowania RMF FM poza zmianami w\u0142a\u015bcicielskimi &#8211; uwa\u017ca Maciej Teliszewski z CR Media Consulting.","protected":false},"author":1,"featured_media":69849,"comment_status":"open","ping_status":"closed","sticky":false,"template":"","format":"standard","meta":{"csco_display_header_overlay":false,"csco_singular_sidebar":"","csco_page_header_type":"","csco_page_load_nextpost":"","csco_post_video_location":[],"csco_post_video_location_hash":"","csco_post_video_url":"","csco_post_video_bg_start_time":0,"csco_post_video_bg_end_time":0,"footnotes":""},"categories":[9672],"tags":[],"class_list":{"0":"post-69848","1":"post","2":"type-post","3":"status-publish","4":"format-standard","5":"has-post-thumbnail","7":"category-radio","8":"cs-entry","9":"cs-video-wrap"},"_links":{"self":[{"href":"https:\/\/mediarun.com\/pl\/wp-json\/wp\/v2\/posts\/69848","targetHints":{"allow":["GET"]}}],"collection":[{"href":"https:\/\/mediarun.com\/pl\/wp-json\/wp\/v2\/posts"}],"about":[{"href":"https:\/\/mediarun.com\/pl\/wp-json\/wp\/v2\/types\/post"}],"author":[{"embeddable":true,"href":"https:\/\/mediarun.com\/pl\/wp-json\/wp\/v2\/users\/1"}],"replies":[{"embeddable":true,"href":"https:\/\/mediarun.com\/pl\/wp-json\/wp\/v2\/comments?post=69848"}],"version-history":[{"count":0,"href":"https:\/\/mediarun.com\/pl\/wp-json\/wp\/v2\/posts\/69848\/revisions"}],"wp:featuredmedia":[{"embeddable":true,"href":"https:\/\/mediarun.com\/pl\/wp-json\/wp\/v2\/media\/69849"}],"wp:attachment":[{"href":"https:\/\/mediarun.com\/pl\/wp-json\/wp\/v2\/media?parent=69848"}],"wp:term":[{"taxonomy":"category","embeddable":true,"href":"https:\/\/mediarun.com\/pl\/wp-json\/wp\/v2\/categories?post=69848"},{"taxonomy":"post_tag","embeddable":true,"href":"https:\/\/mediarun.com\/pl\/wp-json\/wp\/v2\/tags?post=69848"}],"curies":[{"name":"wp","href":"https:\/\/api.w.org\/{rel}","templated":true}]}}