{"id":69839,"date":"2006-10-30T14:50:32","date_gmt":"2006-10-30T13:50:32","guid":{"rendered":"https:\/\/mediarun.com\/index.php\/news-posts\/rmf-fm-bez-reportera-w-opolu\/"},"modified":"2006-10-30T14:50:32","modified_gmt":"2006-10-30T13:50:32","slug":"rmf-fm-bez-reportera-w-opolu","status":"publish","type":"post","link":"https:\/\/mediarun.com\/pl\/media\/radio\/rmf-fm-bez-reportera-w-opolu.html","title":{"rendered":"RMF FM bez reportera w Opolu?"},"content":{"rendered":"<p>Serwis Fan FM poda\u0142, \u017ce Piotr Moc, kt\u00f3ry w RMF FM pracowa\u0142 od 10 lat, przechodzi do Radia Opole.<\/p>\n","protected":false},"excerpt":{"rendered":"RMF FM zako\u0144czy\u0142 wsp\u00f3\u0142prac\u0119 z Piotrem Mocem, opolskim reporterem rozg\u0142o\u015bni. Wed\u0142ug serwisu Fan FM, stacja likwiduje tym samym sw\u00f3j oddzia\u0142 w Opolu. &#8211; Na razie nie b\u0119d\u0119 tego komentowa\u0142 &#8211; m\u00f3wi nam Jacek Stawiski, dyrektor informacji RMF FM.","protected":false},"author":1,"featured_media":69840,"comment_status":"open","ping_status":"closed","sticky":false,"template":"","format":"standard","meta":{"csco_display_header_overlay":false,"csco_singular_sidebar":"","csco_page_header_type":"","csco_page_load_nextpost":"","csco_post_video_location":[],"csco_post_video_location_hash":"","csco_post_video_url":"","csco_post_video_bg_start_time":0,"csco_post_video_bg_end_time":0,"footnotes":""},"categories":[9672],"tags":[],"class_list":{"0":"post-69839","1":"post","2":"type-post","3":"status-publish","4":"format-standard","5":"has-post-thumbnail","7":"category-radio","8":"cs-entry","9":"cs-video-wrap"},"_links":{"self":[{"href":"https:\/\/mediarun.com\/pl\/wp-json\/wp\/v2\/posts\/69839","targetHints":{"allow":["GET"]}}],"collection":[{"href":"https:\/\/mediarun.com\/pl\/wp-json\/wp\/v2\/posts"}],"about":[{"href":"https:\/\/mediarun.com\/pl\/wp-json\/wp\/v2\/types\/post"}],"author":[{"embeddable":true,"href":"https:\/\/mediarun.com\/pl\/wp-json\/wp\/v2\/users\/1"}],"replies":[{"embeddable":true,"href":"https:\/\/mediarun.com\/pl\/wp-json\/wp\/v2\/comments?post=69839"}],"version-history":[{"count":0,"href":"https:\/\/mediarun.com\/pl\/wp-json\/wp\/v2\/posts\/69839\/revisions"}],"wp:featuredmedia":[{"embeddable":true,"href":"https:\/\/mediarun.com\/pl\/wp-json\/wp\/v2\/media\/69840"}],"wp:attachment":[{"href":"https:\/\/mediarun.com\/pl\/wp-json\/wp\/v2\/media?parent=69839"}],"wp:term":[{"taxonomy":"category","embeddable":true,"href":"https:\/\/mediarun.com\/pl\/wp-json\/wp\/v2\/categories?post=69839"},{"taxonomy":"post_tag","embeddable":true,"href":"https:\/\/mediarun.com\/pl\/wp-json\/wp\/v2\/tags?post=69839"}],"curies":[{"name":"wp","href":"https:\/\/api.w.org\/{rel}","templated":true}]}}