{"id":69814,"date":"2006-10-31T06:00:00","date_gmt":"2006-10-31T05:00:00","guid":{"rendered":"https:\/\/mediarun.com\/index.php\/news-posts\/acnielsen-polska-nowy-communications-manager\/"},"modified":"2006-10-31T06:00:00","modified_gmt":"2006-10-31T05:00:00","slug":"acnielsen-polska-nowy-communications-manager","status":"publish","type":"post","link":"https:\/\/mediarun.com\/pl\/ludzie\/awanse\/acnielsen-polska-nowy-communications-manager.html","title":{"rendered":"ACNielsen Polska: nowy communications manager"},"content":{"rendered":"<p><P>Zast\u0105pi Katarzyn\u0119 J\u00f3zefiak, kt\u00f3ra odchodzi na urlop macierzy\u0144ski.<\/P><br \/>\n<P>Bujak b\u0119dzie odpowiedzialna za rozw\u00f3j wsp\u00f3\u0142pracy z mediami oraz kreowanie wizerunku firmy.&nbsp;Wcze\u015bniej pe\u0142ni\u0142a stanowisko senior client executive w dziale sprzeda\u017cy i obs\u0142ugi klienta ACNielsen Polska.<\/P><\/p>\n","protected":false},"excerpt":{"rendered":"Od listopada Agnieszka Bujak obejmie funkcj\u0119 communications managera w firmie badawczej AC Nielsen Polska.","protected":false},"author":1,"featured_media":69815,"comment_status":"open","ping_status":"closed","sticky":false,"template":"","format":"standard","meta":{"csco_display_header_overlay":false,"csco_singular_sidebar":"","csco_page_header_type":"","csco_page_load_nextpost":"","csco_post_video_location":[],"csco_post_video_location_hash":"","csco_post_video_url":"","csco_post_video_bg_start_time":0,"csco_post_video_bg_end_time":0,"footnotes":""},"categories":[9678],"tags":[3129],"class_list":{"0":"post-69814","1":"post","2":"type-post","3":"status-publish","4":"format-standard","5":"has-post-thumbnail","7":"category-awanse","8":"tag-acnielsen","9":"cs-entry","10":"cs-video-wrap"},"_links":{"self":[{"href":"https:\/\/mediarun.com\/pl\/wp-json\/wp\/v2\/posts\/69814","targetHints":{"allow":["GET"]}}],"collection":[{"href":"https:\/\/mediarun.com\/pl\/wp-json\/wp\/v2\/posts"}],"about":[{"href":"https:\/\/mediarun.com\/pl\/wp-json\/wp\/v2\/types\/post"}],"author":[{"embeddable":true,"href":"https:\/\/mediarun.com\/pl\/wp-json\/wp\/v2\/users\/1"}],"replies":[{"embeddable":true,"href":"https:\/\/mediarun.com\/pl\/wp-json\/wp\/v2\/comments?post=69814"}],"version-history":[{"count":0,"href":"https:\/\/mediarun.com\/pl\/wp-json\/wp\/v2\/posts\/69814\/revisions"}],"wp:featuredmedia":[{"embeddable":true,"href":"https:\/\/mediarun.com\/pl\/wp-json\/wp\/v2\/media\/69815"}],"wp:attachment":[{"href":"https:\/\/mediarun.com\/pl\/wp-json\/wp\/v2\/media?parent=69814"}],"wp:term":[{"taxonomy":"category","embeddable":true,"href":"https:\/\/mediarun.com\/pl\/wp-json\/wp\/v2\/categories?post=69814"},{"taxonomy":"post_tag","embeddable":true,"href":"https:\/\/mediarun.com\/pl\/wp-json\/wp\/v2\/tags?post=69814"}],"curies":[{"name":"wp","href":"https:\/\/api.w.org\/{rel}","templated":true}]}}