{"id":69761,"date":"2006-11-02T06:00:00","date_gmt":"2006-11-02T05:00:00","guid":{"rendered":"https:\/\/mediarun.com\/index.php\/news-posts\/zwierciadlo-ma-szefa-dzialu-urody\/"},"modified":"2006-11-02T06:00:00","modified_gmt":"2006-11-02T05:00:00","slug":"zwierciadlo-ma-szefa-dzialu-urody","status":"publish","type":"post","link":"https:\/\/mediarun.com\/pl\/ludzie\/awanse\/zwierciadlo-ma-szefa-dzialu-urody.html","title":{"rendered":"Zwierciad\u0142o ma szefa dzia\u0142u urody"},"content":{"rendered":"<p><P>T\u0119 sam\u0105 funkcj\u0119 pe\u0142ni\u0142a ostatnio w magazynie Joy.<\/P><br \/>\n<P>Wcze\u015bniej pracowa\u0142a ona dla czasopism Pani i Voyage. Zwi\u0105zana by\u0142a r\u00f3wnie\u017c z biurami prasowymi kilku marek kosmetyk\u00f3w selektywnych. <\/P><\/p>\n","protected":false},"excerpt":{"rendered":"Maria Fredro-Boniecka obj\u0119\u0142a stanowisko szefa dzia\u0142u urody w miesi\u0119czniku Zwierciad\u0142o.","protected":false},"author":1,"featured_media":69762,"comment_status":"open","ping_status":"closed","sticky":false,"template":"","format":"standard","meta":{"csco_display_header_overlay":false,"csco_singular_sidebar":"","csco_page_header_type":"","csco_page_load_nextpost":"","csco_post_video_location":[],"csco_post_video_location_hash":"","csco_post_video_url":"","csco_post_video_bg_start_time":0,"csco_post_video_bg_end_time":0,"footnotes":""},"categories":[9678],"tags":[],"class_list":{"0":"post-69761","1":"post","2":"type-post","3":"status-publish","4":"format-standard","5":"has-post-thumbnail","7":"category-awanse","8":"cs-entry","9":"cs-video-wrap"},"_links":{"self":[{"href":"https:\/\/mediarun.com\/pl\/wp-json\/wp\/v2\/posts\/69761","targetHints":{"allow":["GET"]}}],"collection":[{"href":"https:\/\/mediarun.com\/pl\/wp-json\/wp\/v2\/posts"}],"about":[{"href":"https:\/\/mediarun.com\/pl\/wp-json\/wp\/v2\/types\/post"}],"author":[{"embeddable":true,"href":"https:\/\/mediarun.com\/pl\/wp-json\/wp\/v2\/users\/1"}],"replies":[{"embeddable":true,"href":"https:\/\/mediarun.com\/pl\/wp-json\/wp\/v2\/comments?post=69761"}],"version-history":[{"count":0,"href":"https:\/\/mediarun.com\/pl\/wp-json\/wp\/v2\/posts\/69761\/revisions"}],"wp:featuredmedia":[{"embeddable":true,"href":"https:\/\/mediarun.com\/pl\/wp-json\/wp\/v2\/media\/69762"}],"wp:attachment":[{"href":"https:\/\/mediarun.com\/pl\/wp-json\/wp\/v2\/media?parent=69761"}],"wp:term":[{"taxonomy":"category","embeddable":true,"href":"https:\/\/mediarun.com\/pl\/wp-json\/wp\/v2\/categories?post=69761"},{"taxonomy":"post_tag","embeddable":true,"href":"https:\/\/mediarun.com\/pl\/wp-json\/wp\/v2\/tags?post=69761"}],"curies":[{"name":"wp","href":"https:\/\/api.w.org\/{rel}","templated":true}]}}