{"id":69752,"date":"2006-11-02T06:00:00","date_gmt":"2006-11-02T05:00:00","guid":{"rendered":"https:\/\/mediarun.com\/index.php\/news-posts\/koniec-teatralnej-dwojki\/"},"modified":"2006-11-02T06:00:00","modified_gmt":"2006-11-02T05:00:00","slug":"koniec-teatralnej-dwojki","status":"publish","type":"post","link":"https:\/\/mediarun.com\/pl\/media\/tv\/koniec-teatralnej-dwojki.html","title":{"rendered":"Koniec Teatralnej Dw\u00f3jki?"},"content":{"rendered":"<p><P>jednak nie zapad\u0142y &#8211; informuje Gazeta Wyborcza. &#8211; Takie informacje kr\u0105\u017c\u0105, ale co do szczeg\u00f3\u0142\u00f3w mo\u017cemy tylko spekulowa\u0107 &#8211; m\u00f3wi Krzysztof Domagalik z redakcji Teatru Telewizji TVP.<\/P><br \/>\n<P>W chwili obecnej w produkcji s\u0105 trzy spektakle, jednak\u017ce nie wiadomo, jaki b\u0119dzie ich los w zwi\u0105zku w zapowiadanymi krokami. Nie ma w tej sprawie wi\u0105\u017c\u0105cych odpowiedzi ze strony w\u0142adz Dw\u00f3jki. &#8211; Prace dotycz\u0105ce plan\u00f3w emisyjnych TVP2 jeszcze trwaj\u0105 &#8211; m\u00f3wi Daniel Jab\u0142o\u0144ski z biura prasowego TVP.<BR>&nbsp;<BR>Studio Teatralne Dw\u00f3jki promuje polsk\u0105 dramaturgi\u0119 wsp\u00f3\u0142czesn\u0105 oraz adaptacje polskiej literatury wsp\u00f3\u0142czesnej. Za\u0142o\u017ceniem Studia by\u0142o dawanie szansy na debiut zar\u00f3wno zar\u00f3wno dramatopisarski, jak i re\u017cyserski. Emisje odbywa\u0142y si\u0119 w niedziel\u0119 p\u00f3\u017anym wieczorem. Prezentowano przewa\u017cnie jedn\u0105, niekiedy dwie premiery w miesi\u0105cu oraz jedno lub dwa powt\u00f3rzenia po g\u0142\u00f3wnym wydaniu &#8222;Panoramy&#8221;.<\/P><br \/>\n<P>Wed\u0142ug danych TNS OBOP od pocz\u0105tku 2006 r. przynajmniej 15 minut kt\u00f3rego\u015b z niedzielnych spektakli w Dw\u00f3jce obejrza\u0142o 5,1 mln Polak\u00f3w. \u015arednia widownia wynios\u0142a 460 tys., a udzia\u0142y w rynku widowni &#8211; 11 proc. Ogl\u0105dalno\u015b\u0107 spektakli wzrasta\u0142a.<\/P><br \/>\n<P>Nie ma tak\u017ce informacji o przyczynach decyzji. Istniej\u0105 jedynie przypuszczenia, \u017ce wi\u0105\u017ce si\u0119 ona z poszerzeniem pasma teatralnego w TVP 1. &#8211; m\u00f3wi Domagalik. Spektakle maj\u0105 pojawia\u0107 si\u0119 w Jedynce w ka\u017cdy poniedzia\u0142ek.<\/P><\/p>\n","protected":false},"excerpt":{"rendered":"Od stycznia 2007 r. zawieszona zostanie dzia\u0142alno\u015b\u0107 Studia Teatralnego Dw\u00f3jki. Oficjalne decyzje w tej sprawie jeszcze","protected":false},"author":1,"featured_media":69753,"comment_status":"open","ping_status":"closed","sticky":false,"template":"","format":"standard","meta":{"csco_display_header_overlay":false,"csco_singular_sidebar":"","csco_page_header_type":"","csco_page_load_nextpost":"","csco_post_video_location":[],"csco_post_video_location_hash":"","csco_post_video_url":"","csco_post_video_bg_start_time":0,"csco_post_video_bg_end_time":0,"footnotes":""},"categories":[9670],"tags":[],"class_list":{"0":"post-69752","1":"post","2":"type-post","3":"status-publish","4":"format-standard","5":"has-post-thumbnail","7":"category-tv","8":"cs-entry","9":"cs-video-wrap"},"_links":{"self":[{"href":"https:\/\/mediarun.com\/pl\/wp-json\/wp\/v2\/posts\/69752","targetHints":{"allow":["GET"]}}],"collection":[{"href":"https:\/\/mediarun.com\/pl\/wp-json\/wp\/v2\/posts"}],"about":[{"href":"https:\/\/mediarun.com\/pl\/wp-json\/wp\/v2\/types\/post"}],"author":[{"embeddable":true,"href":"https:\/\/mediarun.com\/pl\/wp-json\/wp\/v2\/users\/1"}],"replies":[{"embeddable":true,"href":"https:\/\/mediarun.com\/pl\/wp-json\/wp\/v2\/comments?post=69752"}],"version-history":[{"count":0,"href":"https:\/\/mediarun.com\/pl\/wp-json\/wp\/v2\/posts\/69752\/revisions"}],"wp:featuredmedia":[{"embeddable":true,"href":"https:\/\/mediarun.com\/pl\/wp-json\/wp\/v2\/media\/69753"}],"wp:attachment":[{"href":"https:\/\/mediarun.com\/pl\/wp-json\/wp\/v2\/media?parent=69752"}],"wp:term":[{"taxonomy":"category","embeddable":true,"href":"https:\/\/mediarun.com\/pl\/wp-json\/wp\/v2\/categories?post=69752"},{"taxonomy":"post_tag","embeddable":true,"href":"https:\/\/mediarun.com\/pl\/wp-json\/wp\/v2\/tags?post=69752"}],"curies":[{"name":"wp","href":"https:\/\/api.w.org\/{rel}","templated":true}]}}