{"id":69729,"date":"2006-11-02T07:48:12","date_gmt":"2006-11-02T06:48:12","guid":{"rendered":"https:\/\/mediarun.com\/index.php\/news-posts\/zmiany-w-radiu-kolor\/"},"modified":"2006-11-02T07:48:12","modified_gmt":"2006-11-02T06:48:12","slug":"zmiany-w-radiu-kolor","status":"publish","type":"post","link":"https:\/\/mediarun.com\/pl\/media\/radio\/zmiany-w-radiu-kolor.html","title":{"rendered":"Zmiany w Radiu Kolor"},"content":{"rendered":"<p>Ziemowit P\u0119dziwiatr pracowa\u0142 wcze\u015bniej m.in. w Radiu Planeta i Radiu Z\u0142ote Przeboje.<\/p>\n","protected":false},"excerpt":{"rendered":"Ziemowit P\u0119dziwiatr do\u0142\u0105czy\u0142 do grona prezenter\u00f3w sto\u0142ecznego Radia Kolor. P\u0119dziwiatr zast\u0105pi w rozg\u0142o\u015bni Iwon\u0119 Wronk\u0119, z kt\u00f3r\u0105 stacja zako\u0144czy\u0142a wsp\u00f3\u0142prac\u0119. Nowy prezenter b\u0119dzie gospodarzem programu mi\u0119dzy godzin\u0105 12 a 15.","protected":false},"author":1,"featured_media":69730,"comment_status":"open","ping_status":"closed","sticky":false,"template":"","format":"standard","meta":{"csco_display_header_overlay":false,"csco_singular_sidebar":"","csco_page_header_type":"","csco_page_load_nextpost":"","csco_post_video_location":[],"csco_post_video_location_hash":"","csco_post_video_url":"","csco_post_video_bg_start_time":0,"csco_post_video_bg_end_time":0,"footnotes":""},"categories":[9672],"tags":[],"class_list":{"0":"post-69729","1":"post","2":"type-post","3":"status-publish","4":"format-standard","5":"has-post-thumbnail","7":"category-radio","8":"cs-entry","9":"cs-video-wrap"},"_links":{"self":[{"href":"https:\/\/mediarun.com\/pl\/wp-json\/wp\/v2\/posts\/69729","targetHints":{"allow":["GET"]}}],"collection":[{"href":"https:\/\/mediarun.com\/pl\/wp-json\/wp\/v2\/posts"}],"about":[{"href":"https:\/\/mediarun.com\/pl\/wp-json\/wp\/v2\/types\/post"}],"author":[{"embeddable":true,"href":"https:\/\/mediarun.com\/pl\/wp-json\/wp\/v2\/users\/1"}],"replies":[{"embeddable":true,"href":"https:\/\/mediarun.com\/pl\/wp-json\/wp\/v2\/comments?post=69729"}],"version-history":[{"count":0,"href":"https:\/\/mediarun.com\/pl\/wp-json\/wp\/v2\/posts\/69729\/revisions"}],"wp:featuredmedia":[{"embeddable":true,"href":"https:\/\/mediarun.com\/pl\/wp-json\/wp\/v2\/media\/69730"}],"wp:attachment":[{"href":"https:\/\/mediarun.com\/pl\/wp-json\/wp\/v2\/media?parent=69729"}],"wp:term":[{"taxonomy":"category","embeddable":true,"href":"https:\/\/mediarun.com\/pl\/wp-json\/wp\/v2\/categories?post=69729"},{"taxonomy":"post_tag","embeddable":true,"href":"https:\/\/mediarun.com\/pl\/wp-json\/wp\/v2\/tags?post=69729"}],"curies":[{"name":"wp","href":"https:\/\/api.w.org\/{rel}","templated":true}]}}