{"id":69711,"date":"2006-11-02T11:30:43","date_gmt":"2006-11-02T10:30:43","guid":{"rendered":"https:\/\/mediarun.com\/index.php\/news-posts\/esbek-chcial-udzialow-w-radiu-zet\/"},"modified":"2006-11-02T11:30:43","modified_gmt":"2006-11-02T10:30:43","slug":"esbek-chcial-udzialow-w-radiu-zet","status":"publish","type":"post","link":"https:\/\/mediarun.com\/pl\/media\/radio\/esbek-chcial-udzialow-w-radiu-zet.html","title":{"rendered":"Esbek chcia\u0142 udzia\u0142\u00f3w w Radiu Zet"},"content":{"rendered":"<p>Rzeczpospolita donosi, \u017ce ca\u0142a sprawa zacz\u0119\u0142a si\u0119 kilka miesi\u0119cy po rozmowie Lwa Rycina z Adamem Michnikiem. <\/p>\n<p>W pa\u017adzierniku 2002 roku Adam D\u0119biec przyszed\u0142 do sp\u00f3\u0142ki Eurozet (w\u0142a\u015bciciela Radia Zet). Za\u017c\u0105da\u0142 pieni\u0119dzy albo udzia\u0142\u00f3w w sp\u00f3\u0142ce. Pr\u00f3bowa\u0142 je wymusi\u0107 na podstawie sfa\u0142szowanej umowy: wed\u0142ug niej c\u00f3rka za\u0142o\u017cyciela stacji Katarzyna Woyciechowska, b\u0119d\u0105ca jednym z udzia\u0142owc\u00f3w Eurozetu, po\u017cyczy\u0142a od dw\u00f3ch os\u00f3b 400 tys. dolar\u00f3w. D\u0119biec twierdzi\u0142, \u017ce Woyciechowska nie odda\u0142a pieni\u0119dzy, musi wi\u0119c teraz zrzec si\u0119 10 procent udzia\u0142\u00f3w w sp\u00f3\u0142ce. <\/p>\n<p>&#8211; Ustalili\u015bmy, \u017ce w tym samym czasie kto\u015b pr\u00f3bowa\u0142 zaszkodzi\u0107 nadawcy w KRRiT. Na adres Rady przychodzi\u0142y listy m\u00f3wi\u0105ce o przej\u0119ciu Eurozetu przez &#8216;lewy&#8217; kapita\u0142 &#8211; pisze gazeta, kt\u00f3ra dodaje, \u017ce departament koncesyjny KRRiT potwierdzi\u0142, i\u017c przynajmniej jeden z donos\u00f3w w sprawie Eurozetu przys\u0142a\u0142a dziennikarka. Rzeczpospolita sprawdzi\u0142a, \u017ce kobieta, kt\u00f3rej podpis widnieje pod donosem, nie istnieje. <\/p>\n<p>Rzeczpospolita pisze, \u017ce umowa, z kt\u00f3r\u0105 przyszed\u0142 Adam D\u0119biec, by\u0142a sfa\u0142szowana. &#8211; Po roku w s\u0105dzie D\u0119biec, kt\u00f3ry w UOP zajmowa\u0142 si\u0119 rozpracowywaniem afer gospodarczych, stwierdzi\u0142, \u017ce nie mia\u0142 poj\u0119cia o fa\u0142szerstwie &#8211; czytamy w dzienniku.<\/p>\n<p>Adam D\u0119biec w rozmowie z Rzeczpospolit\u0105 przyzna\u0142, \u017ce do Eurozetu poszed\u0142 w ramach swojej dzia\u0142alno\u015bci gospodarczej &#8211; gdy odszed\u0142 z UOP za\u0142o\u017cy\u0142 firm\u0119.<\/p>\n<p>Prokuratura, zaalarmowana przez Eurozet, wszcz\u0119\u0142a \u015bledztwo, ale &#8211; jak pisze dziennik &#8211; Eurozet zrobi\u0142 wszystko, \u017ceby nie nadawa\u0107 mu rozg\u0142osu. <\/p>\n<p>&#8211; Prokuratura nigdy nie odpowiedzia\u0142a na wa\u017cne pytania: Kto naprawd\u0119 zmontowa\u0142 pr\u00f3b\u0119 zdobycia udzia\u0142\u00f3w Zetki? Po co? Czy chodzi\u0142o tylko o pieni\u0105dze? O wej\u015bcie na rynek medialny? &#8211; informuje Rzeczpospolita.<\/p>\n","protected":false},"excerpt":{"rendered":"Pu\u0142kownik Adam D\u0119biec, by\u0142y funkcjonariusz S\u0142u\u017cby Bezpiecze\u0144stwa, a potem wysoki rang\u0105 oficer Urz\u0119du Ochrony Pa\u0144stwa, pr\u00f3bowa\u0142 w 2002 roku zdoby\u0107 udzia\u0142y w Radiu Zet za pomoc\u0105 sfa\u0142szowanych dokument\u00f3w. O ca\u0142ej sprawie napisa\u0142a w czwartek Rzeczpospolita.","protected":false},"author":1,"featured_media":69712,"comment_status":"open","ping_status":"closed","sticky":false,"template":"","format":"standard","meta":{"csco_display_header_overlay":false,"csco_singular_sidebar":"","csco_page_header_type":"","csco_page_load_nextpost":"","csco_post_video_location":[],"csco_post_video_location_hash":"","csco_post_video_url":"","csco_post_video_bg_start_time":0,"csco_post_video_bg_end_time":0,"footnotes":""},"categories":[9672],"tags":[],"class_list":{"0":"post-69711","1":"post","2":"type-post","3":"status-publish","4":"format-standard","5":"has-post-thumbnail","7":"category-radio","8":"cs-entry","9":"cs-video-wrap"},"_links":{"self":[{"href":"https:\/\/mediarun.com\/pl\/wp-json\/wp\/v2\/posts\/69711","targetHints":{"allow":["GET"]}}],"collection":[{"href":"https:\/\/mediarun.com\/pl\/wp-json\/wp\/v2\/posts"}],"about":[{"href":"https:\/\/mediarun.com\/pl\/wp-json\/wp\/v2\/types\/post"}],"author":[{"embeddable":true,"href":"https:\/\/mediarun.com\/pl\/wp-json\/wp\/v2\/users\/1"}],"replies":[{"embeddable":true,"href":"https:\/\/mediarun.com\/pl\/wp-json\/wp\/v2\/comments?post=69711"}],"version-history":[{"count":0,"href":"https:\/\/mediarun.com\/pl\/wp-json\/wp\/v2\/posts\/69711\/revisions"}],"wp:featuredmedia":[{"embeddable":true,"href":"https:\/\/mediarun.com\/pl\/wp-json\/wp\/v2\/media\/69712"}],"wp:attachment":[{"href":"https:\/\/mediarun.com\/pl\/wp-json\/wp\/v2\/media?parent=69711"}],"wp:term":[{"taxonomy":"category","embeddable":true,"href":"https:\/\/mediarun.com\/pl\/wp-json\/wp\/v2\/categories?post=69711"},{"taxonomy":"post_tag","embeddable":true,"href":"https:\/\/mediarun.com\/pl\/wp-json\/wp\/v2\/tags?post=69711"}],"curies":[{"name":"wp","href":"https:\/\/api.w.org\/{rel}","templated":true}]}}