{"id":69691,"date":"2006-11-03T06:00:00","date_gmt":"2006-11-03T05:00:00","guid":{"rendered":"https:\/\/mediarun.com\/index.php\/news-posts\/proba-przejecia-radia-zet-brak-podstaw-do-oskarzenia\/"},"modified":"2006-11-03T06:00:00","modified_gmt":"2006-11-03T05:00:00","slug":"proba-przejecia-radia-zet-brak-podstaw-do-oskarzenia","status":"publish","type":"post","link":"https:\/\/mediarun.com\/pl\/media\/radio\/proba-przejecia-radia-zet-brak-podstaw-do-oskarzenia.html","title":{"rendered":"Pr\u00f3ba przej\u0119cia Radia Zet &#8211; brak podstaw do oskar\u017cenia"},"content":{"rendered":"<p><P>wczoraj Rzeczpospolita &#8211; pr\u00f3bowa\u0142 w 2002 r. zdoby\u0107 udzia\u0142y w Radiu Zet za pomoc\u0105 szanta\u017cu i sfa\u0142szowanych dokument\u00f3w.<\/P><br \/>\n<P>&#8211; Z naszego punktu widzenia sprawa jest zako\u0144czona, bo jedna osoba zosta\u0142a skazana, a prokuratura nie uzyska\u0142a \u017cadnych dowod\u00f3w, kt\u00f3re pozwala\u0142yby na postawienie oficerowi zarzut\u00f3w &#8211; powiedzia\u0142 rzecznik Prokuratury Okr\u0119gowej w Warszawie Maciej Kujawski. Doda\u0142, \u017ce gdyby pojawi\u0142y si\u0119 nowe dowody, \u015bledztwo mo\u017cna by\u0142oby kontynuowa\u0107, ale podkre\u015bli\u0142, \u017ce takich dowod\u00f3w nie ma w artykule gazety.<\/P><br \/>\n<P>Wed\u0142ug Rzeczpospolitej D\u0119biec pojawi\u0142 si\u0119 w sp\u00f3\u0142ce Eurozet (w\u0142a\u015bciciel Radia Zet) w pa\u017adzierniku 2002 r. Za\u017c\u0105da\u0142 pieni\u0119dzy albo udzia\u0142\u00f3w w sp\u00f3\u0142ce. Pr\u00f3bowa\u0142 je uzyska\u0107 na podstawie sfa\u0142szowanej umowy, wed\u0142ug kt\u00f3rej c\u00f3rka za\u0142o\u017cyciela stacji Katarzyna Woyciechowska, b\u0119d\u0105ca jednym z udzia\u0142owc\u00f3w Eurozetu, po\u017cyczy\u0142a od dw\u00f3ch os\u00f3b 400 tys. dolar\u00f3w. D\u0119biec twierdzi\u0142, \u017ce Woyciechowska nie odda\u0142a pieni\u0119dzy, musi wi\u0119c zrzec si\u0119 10 proc. udzia\u0142\u00f3w w sp\u00f3\u0142ce.<BR>&nbsp;<BR>Rzeczpospolita ustali\u0142a, \u017ce w tym samym czasie na adres KRRiT nadchodzi\u0142y listy m\u00f3wi\u0105ce o przej\u0119ciu Eurozetu przez &#8222;lewy&#8221; kapita\u0142.<\/P><br \/>\n<P>Spraw\u0119 z wniosku Eurozet bada\u0142a prokuratura. Jedynym rezultatem by\u0142o skazanie na 3 lata wi\u0119zienia oszustki spod Bia\u0142egostoku, kt\u00f3ra podpisa\u0142a si\u0119 na sfa\u0142szowanej umowie, z kt\u00f3r\u0105 D\u0119biec zjawi\u0142 si\u0119 w Eurozecie. Wed\u0142ug &#8222;Rz&#8221;, pytanie o to, kto naprawd\u0119 za tym sta\u0142 i czy to przypadek, \u017ce ko\u0142o Radia Zet kr\u0119ci\u0142 si\u0119 kto\u015b w tym samym czasie, kiedy kto\u015b inny kr\u0119ci\u0142 si\u0119 wok\u00f3\u0142 Agory, pozostaje wci\u0105\u017c bez odpowiedzi.<\/P><\/p>\n","protected":false},"excerpt":{"rendered":"Prokuratura nie znalaz\u0142a podstaw, by stawia\u0107 zarzuty p\u0142k. Adamowi D\u0119bcowi, b. oficerowi SB i UOP, kt\u00f3ry &#8211; jak napisa\u0142a&#8230;","protected":false},"author":1,"featured_media":69692,"comment_status":"open","ping_status":"closed","sticky":false,"template":"","format":"standard","meta":{"csco_display_header_overlay":false,"csco_singular_sidebar":"","csco_page_header_type":"","csco_page_load_nextpost":"","csco_post_video_location":[],"csco_post_video_location_hash":"","csco_post_video_url":"","csco_post_video_bg_start_time":0,"csco_post_video_bg_end_time":0,"footnotes":""},"categories":[9672],"tags":[174],"class_list":{"0":"post-69691","1":"post","2":"type-post","3":"status-publish","4":"format-standard","5":"has-post-thumbnail","7":"category-radio","8":"tag-eurozet","9":"cs-entry","10":"cs-video-wrap"},"_links":{"self":[{"href":"https:\/\/mediarun.com\/pl\/wp-json\/wp\/v2\/posts\/69691","targetHints":{"allow":["GET"]}}],"collection":[{"href":"https:\/\/mediarun.com\/pl\/wp-json\/wp\/v2\/posts"}],"about":[{"href":"https:\/\/mediarun.com\/pl\/wp-json\/wp\/v2\/types\/post"}],"author":[{"embeddable":true,"href":"https:\/\/mediarun.com\/pl\/wp-json\/wp\/v2\/users\/1"}],"replies":[{"embeddable":true,"href":"https:\/\/mediarun.com\/pl\/wp-json\/wp\/v2\/comments?post=69691"}],"version-history":[{"count":0,"href":"https:\/\/mediarun.com\/pl\/wp-json\/wp\/v2\/posts\/69691\/revisions"}],"wp:featuredmedia":[{"embeddable":true,"href":"https:\/\/mediarun.com\/pl\/wp-json\/wp\/v2\/media\/69692"}],"wp:attachment":[{"href":"https:\/\/mediarun.com\/pl\/wp-json\/wp\/v2\/media?parent=69691"}],"wp:term":[{"taxonomy":"category","embeddable":true,"href":"https:\/\/mediarun.com\/pl\/wp-json\/wp\/v2\/categories?post=69691"},{"taxonomy":"post_tag","embeddable":true,"href":"https:\/\/mediarun.com\/pl\/wp-json\/wp\/v2\/tags?post=69691"}],"curies":[{"name":"wp","href":"https:\/\/api.w.org\/{rel}","templated":true}]}}