{"id":69666,"date":"2006-11-03T06:00:00","date_gmt":"2006-11-03T05:00:00","guid":{"rendered":"https:\/\/mediarun.com\/index.php\/news-posts\/smok-i-trzynascie-tajemniczych-kopul\/"},"modified":"2006-11-03T06:00:00","modified_gmt":"2006-11-03T05:00:00","slug":"smok-i-trzynascie-tajemniczych-kopul","status":"publish","type":"post","link":"https:\/\/mediarun.com\/pl\/ludzie\/awanse\/smok-i-trzynascie-tajemniczych-kopul.html","title":{"rendered":"Smok i trzyna\u015bcie tajemniczych kopu\u0142"},"content":{"rendered":"<p><P>W ubieg\u0142y pi\u0105tek og\u0142osi\u0142, \u017ce sprzedaje niemieckiej Grupie Bauer swoj\u0105 sp\u00f3\u0142k\u0119 Broker FM, w\u0142a\u015bciciela Radia RMF FM<\/P><br \/>\n<P>Ci, kt\u00f3rzy znaj\u0105 Tyczy\u0144skiego, podkre\u015blaj\u0105, \u017ce sprzeda\u017c RMF Niemcom nie powinna dziwi\u0107 a\u017c tak bardzo. &#8211; Ludzie uzale\u017cnieni od wyzwa\u0144 najwi\u0119ksz\u0105 satysfakcj\u0119 czerpi\u0105 z budowania nowych przedsi\u0119wzi\u0119\u0107. Kiedy wi\u0119c prezes Tyczy\u0144ski rezygnuje z prezesury w radiu, po czym od dw\u00f3ch lat coraz rzadziej si\u0119 tam pojawia i faktycznie zarz\u0105dza, to dla ludzi patrz\u0105cych na media jak na biznes powinien to by\u0107 trop &#8211; m\u00f3wi Barbara G\u00f3rska, by\u0142a dziennikarka warszawskiej redakcji stacji RMF FM. <\/P><br \/>\n<H5>Czas na telewizyjn\u0105 produkcj\u0119 <\/H5><br \/>\n<P>Ten trop prowadzi pod Krak\u00f3w do gminy Alwernia. Tu Tyczy\u0144ski coraz intensywniej pracuje nad nowym biznesem. <\/P><br \/>\n<P>Od kilku lat w Nieporazie na wyposa\u017cenie czeka\u0142o trzyna\u015bcie kosmicznych kopu\u0142, w kt\u00f3rych za\u0142o\u017cyciel Radia RMF FM chce podobno inwestowa\u0107 w produkcj\u0119 telewizyjn\u0105 lub nowe technologie. Kosmiczne miasteczko nale\u017cy w ca\u0142o\u015bci do niezale\u017cnej od Brokera sp\u00f3\u0142ki Digi Cinema, kt\u00f3ra jest w\u0142asno\u015bci\u0105 Tyczy\u0144skiego. <\/P><br \/>\n<P>Informacja o pozbyciu si\u0119 udzia\u0142\u00f3w Brokera na rzecz niemieckiego giganta wydawniczego wznowi\u0142a spekulacje, wed\u0142ug kt\u00f3rych Tyczy\u0144ski mia\u0142by zainwestowa\u0107 w dalszy rozw\u00f3j kopu\u0142ek. O samych planach dotycz\u0105cych telewizji Tyczy\u0144ski wspomina\u0142 ju\u017c kilka lat temu. Plany jednak zawiesi\u0142, kiedy inwestycja w Nieporazie doprowadzi\u0142a Brokera do kryzysu finansowego, czego konsekwencj\u0105 by\u0142o wej\u015bcie na gie\u0142d\u0119 w 2004 roku, by sp\u00f3\u0142k\u0119 podbudowa\u0107 finansowo. <\/P><br \/>\n<H5>Francuski wz\u00f3r <\/H5><br \/>\n<P>Swoje krakowskie radio Tyczy\u0144ski uruchomi\u0142 16 lat temu, wzorowa\u0142 si\u0119 na francuskich stacjach. Mia\u0142 do\u015bwiadczenie w prowadzeniu podziemnego radia w latach osiemdziesi\u0105tych, kiedy dzia\u0142a\u0142 w ruchu solidarno\u015bciowym. &#8211; Pocz\u0105tki to dziewi\u0119\u0107 os\u00f3b, kt\u00f3re w nowej siedzibie kred\u0105 rysowa\u0142y na ziemi studio i newsroom &#8211; m\u00f3wi by\u0142y dziennikarz RMF FM Andrzej So\u0142tysik. <\/P><br \/>\n<P>W budowaniu RMF Tyczy\u0144ski uczestniczy\u0142 wr\u0119cz dos\u0142ownie. Podczas remontu stacji razem z innymi pracownikami i wynaj\u0119tymi robotnikami kr\u0105\u017cy\u0142 po stacji w drelichowych spodniach. Swoim niedba\u0142ym strojem i ekscentrycznymi zachowaniami od lat zreszt\u0105 budzi emocje. W rozci\u0105gni\u0119tym swetrze i spodniach na szelkach potrafi\u0142 pojawi\u0107 si\u0119 zar\u00f3wno w pracy, jak i na debiucie gie\u0142dowym Brokera. <\/P><br \/>\n<P>Cho\u0107 na radiu zale\u017ca\u0142o mu jak na niczym innym, pracownicy miewali problemy z nawi\u0105zaniem z nim kontaktu. To wra\u017cenie jest \u017cywe zw\u0142aszcza teraz, gdy decyzj\u0119 o planach pozbycia si\u0119 udzia\u0142\u00f3w w Broker FM Tyczy\u0144ski zakomunikowa\u0142 zespo\u0142owi niewiele wcze\u015bniej ni\u017c opinii publicznej w lakonicznym mejlu bez s\u0142owa &#8222;dzi\u0119kuj\u0119&#8221;. Zesp\u00f3\u0142 poczu\u0142 si\u0119 tak\u0105 form\u0105 mocno ura\u017cony, cho\u0107 minione lata zahartowa\u0142y dziennikarzy w podobnych sytuacjach. &#8222;Sta\u015b jest czasem bardzo krytyczny. Ale tak samo wobec innych, jak i wobec siebie samego. Jest perfekcjonist\u0105. Wymaga bardzo du\u017co od ludzi&#8221;.- t\u0142umaczy\u0142a go w 2003 roku \u017cona Renata Gabryjelska, znana modelka i aktorka. <\/P><br \/>\n<H5>Luz i interaktywno\u015b\u0107 <\/H5><br \/>\n<P>Prywatnie Tyczy\u0144ski to osobowo\u015b\u0107 ascetyczna. Wegetarianin i &#8211; mimo ogromnych pieni\u0119dzy na koncie &#8211; cz\u0142owiek skromny. Nie ma nawet samochodu. Ceni muzyk\u0119 klasyczn\u0105, czym zarazi\u0142a go matka (jako ch\u0142opiec \u015bpiewa\u0142 w ch\u00f3rze). Je\u015bli do tego wszystkiego do\u0142\u0105czy si\u0119 \u015bcis\u0142e wykszta\u0142cenie (nieuko\u0144czona fizyka j\u0105drowa na Uniwersytecie Jagiello\u0144skim) i zami\u0142owanie do nowinek technicznych, by\u0107 mo\u017ce \u0142atwiej zrozumie\u0107 rozmach jego dzia\u0142alno\u015bci. <\/P><br \/>\n<P>To dzi\u0119ki jego pomys\u0142om RMF FM jest tym, czym jest. Tyczy\u0144ski wymy\u015bli\u0142 m.in., \u017ce w radiu serwisy informacyjne b\u0119d\u0105 nadawane kwadrans przed okr\u0105g\u0142\u0105 godzin\u0105, postawi\u0142 te\u017c na interaktywno\u015b\u0107, m\u0142odych s\u0142uchaczy i luz na antenie. Potem jako pierwsze w Polsce Radio RMF FM rozpocz\u0119\u0142o wielkie akcje promocyjne i wyda\u0142o sk\u0142adank\u0119 muzyczn\u0105, kt\u00f3ra sprzedawa\u0142a si\u0119 rekordowo dobrze. Cz\u0119\u015b\u0107 z tych pomys\u0142\u00f3w, nieznanych wtedy jeszcze zupe\u0142nie na naszym rynku, budzi\u0142a kontrowersje. P\u0142ycie odm\u00f3wiono przyznania statusu platynowej (bo by\u0142a sprzedawana po niskiej cenie i dodawano do niej kupony konkursowe). <\/P><br \/>\n<H5>Braun i milleretka <\/H5><br \/>\n<P>Dzi\u0119ki m.in. takim akcjom RMF FM, pierwsza komercyjna stacja w Polsce, odnios\u0142a sukces &#8211; szczyci si\u0119 dzi\u015b najwi\u0119kszym udzia\u0142em w rynku s\u0142uchalno\u015bci. Radio uczyni\u0142o 47-letniego Stanis\u0142awa Tyczy\u0144skiego jednym z najbogatszych ludzi w Polsce, jego maj\u0105tek szacuje si\u0119 na 170 mln z\u0142, co daje mu 99. miejsce w rankingu Wprost. <\/P><br \/>\n<P>&#8211; Ale darmo tego nie dosta\u0142. Przez pierwsze 14 lat RMF Tyczy\u0144ski siedzia\u0142 w stacji dzie\u0144 i noc. To by\u0142o ca\u0142e jego \u017cycie. Ale przez ostatnie dwa lata stopniowo zacz\u0105\u0142 odchodzi\u0107 od radia. &#8211; Wszystko ju\u017c tam osi\u0105gn\u0105\u0142 &#8211; m\u00f3wi, zastrzegaj\u0105c anonimowo\u015b\u0107, jeden z dobrych znajomych Tyczy\u0144skiego. &#8211; Mia\u0142 do\u015b\u0107 politycznych cios\u00f3w i zwyk\u0142ej ludzkiej zawi\u015bci &#8211; dodaje. Pierwszym mocnym uderzeniem by\u0142o odebranie w 2001 RMF lokalnych rozszczepie\u0144 programu i reklam, kt\u00f3re &#8211; podobnie jak regionalne mutacje &#8222;Gazety Wyborczej&#8221; &#8211; pozwala\u0142y robi\u0107 jednocze\u015bnie og\u00f3lnopolskie i lokalne radio. <\/P><br \/>\n<P>Drugim by\u0142 raport podwa\u017caj\u0105cy rynkow\u0105 pozycj\u0119 RMF, jej finanse i plany rozwoju. Skandal wybuch\u0142 w czerwcu 2004 r. w trakcie publicznej oferty Brokera. Zaraz potem wp\u0142ywowy sekretarz Krajowej Rady Radiofonii i Telewizji W\u0142odzimierz Czarzasty (to on mia\u0142 sta\u0107 za odebraniem lokalnych rozszczepie\u0144), wezwa\u0142 zarz\u0105d RMF do z\u0142o\u017cenia wyja\u015bnie\u0144 w sprawie sytuacji finansowej stacji. Zdaniem naszego rozm\u00f3wcy to wtedy Tyczy\u0144ski nabra\u0142 przekonania, \u017ce &#8222;zawsze si\u0119 znajdzie kto\u015b, kto b\u0119dzie chcia\u0142 mu urwa\u0107 g\u0142ow\u0119&#8221;. Wtedy te\u017c nazwa\u0142 cz\u0142onka KRRiT W\u0142odzimierza Czarzastego &#8221; milleretk\u0105&#8221;, a swojego psa ochrzci\u0142 nazwiskiem Juliusza Brauna, \u00f3wczesnego przewodnicz\u0105cego KRRiT. Antypati\u0105 Tyczy\u0144ski darzy\u0142 zreszt\u0105 wszystkie mo\u017cliwe strony polityczne, czemu dawa\u0142 wyraz na swojej antenie. Raz w \u015bwi\u0105teczno-noworocznym wyst\u0105pieniu torpedowa\u0142 AWS, innym razem Leszka Millera. Jak twierdz\u0105 znajomi nie interesowa\u0142a go polityka, interesowa\u0142o go robienie radia. <\/P><br \/>\n<H5>Tylko bez koncesji <\/H5><br \/>\n<P>Po konflikcie z KRRiT nie mia\u0142 ochoty si\u0119 nara\u017ca\u0107 na kolejne ataki przy okazji przysz\u0142orocznego odnowienia koncesji RMF. <\/P><br \/>\n<P>I dlatego teraz marzy mu si\u0119 biznes bez koncesji. Czy to b\u0119dzie telewizja? Osoby z kr\u0119gu szefa RMF stanowczo zaprzeczaj\u0105. &#8211; Przed pi\u0119ciu, sze\u015bciu laty by\u0142aby to telewizja, ale teraz jest ju\u017c za p\u00f3\u017ano. To b\u0119dzie co\u015b nowego, co\u015b, co wychodzi w prz\u00f3d, w nowe technologie. On przecie\u017c kocha zabawki technologiczne &#8211; zauwa\u017ca nasz rozm\u00f3wca. <\/P><br \/>\n<P>Czas poka\u017ce, czy prezes zn\u00f3w wyprzedzi\u0142 rynek i czy podkrakowskie kopu\u0142ki oka\u017c\u0105 si\u0119 sukcesem na miar\u0119 RMF. <\/P><\/p>\n","protected":false},"excerpt":{"rendered":"Ekscentryk i wizjoner, za\u0142o\u017cyciel stacji RMF FM, od tygodnia jest w polskich mediach bohaterem numer jeden.","protected":false},"author":1,"featured_media":0,"comment_status":"open","ping_status":"closed","sticky":false,"template":"","format":"standard","meta":{"csco_display_header_overlay":false,"csco_singular_sidebar":"","csco_page_header_type":"","csco_page_load_nextpost":"","csco_post_video_location":[],"csco_post_video_location_hash":"","csco_post_video_url":"","csco_post_video_bg_start_time":0,"csco_post_video_bg_end_time":0,"footnotes":""},"categories":[9678],"tags":[],"class_list":{"0":"post-69666","1":"post","2":"type-post","3":"status-publish","4":"format-standard","6":"category-awanse","7":"cs-entry","8":"cs-video-wrap"},"_links":{"self":[{"href":"https:\/\/mediarun.com\/pl\/wp-json\/wp\/v2\/posts\/69666","targetHints":{"allow":["GET"]}}],"collection":[{"href":"https:\/\/mediarun.com\/pl\/wp-json\/wp\/v2\/posts"}],"about":[{"href":"https:\/\/mediarun.com\/pl\/wp-json\/wp\/v2\/types\/post"}],"author":[{"embeddable":true,"href":"https:\/\/mediarun.com\/pl\/wp-json\/wp\/v2\/users\/1"}],"replies":[{"embeddable":true,"href":"https:\/\/mediarun.com\/pl\/wp-json\/wp\/v2\/comments?post=69666"}],"version-history":[{"count":0,"href":"https:\/\/mediarun.com\/pl\/wp-json\/wp\/v2\/posts\/69666\/revisions"}],"wp:attachment":[{"href":"https:\/\/mediarun.com\/pl\/wp-json\/wp\/v2\/media?parent=69666"}],"wp:term":[{"taxonomy":"category","embeddable":true,"href":"https:\/\/mediarun.com\/pl\/wp-json\/wp\/v2\/categories?post=69666"},{"taxonomy":"post_tag","embeddable":true,"href":"https:\/\/mediarun.com\/pl\/wp-json\/wp\/v2\/tags?post=69666"}],"curies":[{"name":"wp","href":"https:\/\/api.w.org\/{rel}","templated":true}]}}