{"id":69572,"date":"2006-11-07T00:25:56","date_gmt":"2006-11-06T23:25:56","guid":{"rendered":"https:\/\/mediarun.com\/index.php\/news-posts\/161-mln-widzow-polakow\/"},"modified":"2006-11-07T00:25:56","modified_gmt":"2006-11-06T23:25:56","slug":"161-mln-widzow-polakow","status":"publish","type":"post","link":"https:\/\/mediarun.com\/pl\/media\/tv\/161-mln-widzow-polakow.html","title":{"rendered":"1,61 mln widz\u00f3w 'Polak\u00f3w&#8217;"},"content":{"rendered":"<p>\u015arednia widownia pierwszych czterech wyda\u0144 &#8216;Polak\u00f3w&#8217; wynios\u0142a 1,61 mln os\u00f3b. R\u00f3\u017cnice w ogl\u0105dalno\u015bci poszczeg\u00f3lnych odcink\u00f3w programu nie s\u0105 du\u017ce. Najwi\u0119cej widz\u00f3w przyci\u0105gn\u0105\u0142 odcinek z 25 pa\u017adziernika (1,8 mln), a najmniej &#8211; wydanie z 1 listopada (1,38 mln).<\/p>\n<p>Podczas emisji talk show Jedynka osi\u0105gn\u0119\u0142a udzia\u0142 w rynku telewizyjnym na poziomie 14,05 proc. To nieco mniej ni\u017c przed rokiem, kiedy w tym samym pa\u015bmie czasowym, publiczny kana\u0142 notowa\u0142 ogl\u0105dalno\u015b\u0107 rz\u0119du 1,86 mln przy udziale wynosz\u0105cym 16,75 proc. <\/p>\n<p>Pierwsze odcinki Polak\u00f3w nie da\u0142y wysokiej pozycji Jedynce r\u00f3wnie\u017c w starciu z bezpo\u015bredni\u0105 konkurencj\u0105. W czasie emisji programu TVP1 by\u0142a trzeci\u0105 stacj\u0105 w rynku, wyprzedzaj\u0105c jedynie Polsat, kt\u00f3ry mia\u0142 udzia\u0142 na poziomie 13,87 proc. (emitowa\u0142 wtedy m.in. serial &#8216;Daleko od noszy&#8217;). Liderem pasma by\u0142a TVP2 (27,83 proc., g\u0142\u00f3wnie Liga Mistrz\u00f3w), za\u015b druga pozycja nale\u017ca\u0142a do TVN (25,25 proc., filmy ameryka\u0144skie).<\/p>\n<p>&#8216;Polacy&#8217; to po\u0142\u0105czenie publicystycznego widowiska i spo\u0142ecznej debaty. G\u0142\u00f3wnymi uczestnikami audycji jest grupa 30 os\u00f3b reprezentuj\u0105cych 30 milion\u00f3w doros\u0142ych mieszka\u0144c\u00f3w Polski. Tematy poruszane w poszczeg\u00f3lnych odcinkach to wszystko to, co interesuje, budzi emocje i dotyczy Polak\u00f3w, g\u0142\u00f3wnie sprawy spo\u0142eczne. Program prowadzi Maciej Pawlicki.<\/p>\n","protected":false},"excerpt":{"rendered":"Od 11 pa\u017adziernika w \u015brodowe wieczory TVP1 nadaje nowy talk show zatytu\u0142owany &#8216;Polacy&#8217;. Jak wynika z bada\u0144 telemetrycznych AGB Nielsen Media Research program nie cieszy si\u0119 du\u017c\u0105 popularno\u015bci\u0105. Tylko 14 na 100 telewizor\u00f3w podczas emisji pierwszych odcink\u00f3w audycji by\u0142o w\u0142\u0105czonych na Jedynk\u0119.","protected":false},"author":1,"featured_media":69573,"comment_status":"open","ping_status":"closed","sticky":false,"template":"","format":"standard","meta":{"csco_display_header_overlay":false,"csco_singular_sidebar":"","csco_page_header_type":"","csco_page_load_nextpost":"","csco_post_video_location":[],"csco_post_video_location_hash":"","csco_post_video_url":"","csco_post_video_bg_start_time":0,"csco_post_video_bg_end_time":0,"footnotes":""},"categories":[9670],"tags":[],"class_list":{"0":"post-69572","1":"post","2":"type-post","3":"status-publish","4":"format-standard","5":"has-post-thumbnail","7":"category-tv","8":"cs-entry","9":"cs-video-wrap"},"_links":{"self":[{"href":"https:\/\/mediarun.com\/pl\/wp-json\/wp\/v2\/posts\/69572","targetHints":{"allow":["GET"]}}],"collection":[{"href":"https:\/\/mediarun.com\/pl\/wp-json\/wp\/v2\/posts"}],"about":[{"href":"https:\/\/mediarun.com\/pl\/wp-json\/wp\/v2\/types\/post"}],"author":[{"embeddable":true,"href":"https:\/\/mediarun.com\/pl\/wp-json\/wp\/v2\/users\/1"}],"replies":[{"embeddable":true,"href":"https:\/\/mediarun.com\/pl\/wp-json\/wp\/v2\/comments?post=69572"}],"version-history":[{"count":0,"href":"https:\/\/mediarun.com\/pl\/wp-json\/wp\/v2\/posts\/69572\/revisions"}],"wp:featuredmedia":[{"embeddable":true,"href":"https:\/\/mediarun.com\/pl\/wp-json\/wp\/v2\/media\/69573"}],"wp:attachment":[{"href":"https:\/\/mediarun.com\/pl\/wp-json\/wp\/v2\/media?parent=69572"}],"wp:term":[{"taxonomy":"category","embeddable":true,"href":"https:\/\/mediarun.com\/pl\/wp-json\/wp\/v2\/categories?post=69572"},{"taxonomy":"post_tag","embeddable":true,"href":"https:\/\/mediarun.com\/pl\/wp-json\/wp\/v2\/tags?post=69572"}],"curies":[{"name":"wp","href":"https:\/\/api.w.org\/{rel}","templated":true}]}}