{"id":69497,"date":"2006-11-08T06:00:00","date_gmt":"2006-11-08T05:00:00","guid":{"rendered":"https:\/\/mediarun.com\/index.php\/news-posts\/tymczasowa-zmiana-w-onecie\/"},"modified":"2006-11-08T06:00:00","modified_gmt":"2006-11-08T05:00:00","slug":"tymczasowa-zmiana-w-onecie","status":"publish","type":"post","link":"https:\/\/mediarun.com\/pl\/ludzie\/awanse\/tymczasowa-zmiana-w-onecie.html","title":{"rendered":"Tymczasowa zmiana w Onecie"},"content":{"rendered":"<p><P>obowi\u0105zki rzecznika prasowego grupy.<\/P><br \/>\n<P>Zast\u0119puje Piotra Tch\u00f3rzewskiego, kt\u00f3ry odszed\u0142 z firmy z dniem 1 listopada.<\/P><br \/>\n<P>&#8211; W kr\u00f3tkim czasie stanowisko rzecznika prasowego ponownie zostanie obsadzone &#8211; poinformowa\u0142 Piotr Krawiec.<\/P><\/p>\n","protected":false},"excerpt":{"rendered":"Piotr Krawiec, odpowiedzialny w Grupie Onet.pl za dzia\u0142ania z zakresu komunikacji i PR, tymczasowo przej\u0105\u0142&#8230;","protected":false},"author":1,"featured_media":69498,"comment_status":"open","ping_status":"closed","sticky":false,"template":"","format":"standard","meta":{"csco_display_header_overlay":false,"csco_singular_sidebar":"","csco_page_header_type":"","csco_page_load_nextpost":"","csco_post_video_location":[],"csco_post_video_location_hash":"","csco_post_video_url":"","csco_post_video_bg_start_time":0,"csco_post_video_bg_end_time":0,"footnotes":""},"categories":[9678],"tags":[],"class_list":{"0":"post-69497","1":"post","2":"type-post","3":"status-publish","4":"format-standard","5":"has-post-thumbnail","7":"category-awanse","8":"cs-entry","9":"cs-video-wrap"},"_links":{"self":[{"href":"https:\/\/mediarun.com\/pl\/wp-json\/wp\/v2\/posts\/69497","targetHints":{"allow":["GET"]}}],"collection":[{"href":"https:\/\/mediarun.com\/pl\/wp-json\/wp\/v2\/posts"}],"about":[{"href":"https:\/\/mediarun.com\/pl\/wp-json\/wp\/v2\/types\/post"}],"author":[{"embeddable":true,"href":"https:\/\/mediarun.com\/pl\/wp-json\/wp\/v2\/users\/1"}],"replies":[{"embeddable":true,"href":"https:\/\/mediarun.com\/pl\/wp-json\/wp\/v2\/comments?post=69497"}],"version-history":[{"count":0,"href":"https:\/\/mediarun.com\/pl\/wp-json\/wp\/v2\/posts\/69497\/revisions"}],"wp:featuredmedia":[{"embeddable":true,"href":"https:\/\/mediarun.com\/pl\/wp-json\/wp\/v2\/media\/69498"}],"wp:attachment":[{"href":"https:\/\/mediarun.com\/pl\/wp-json\/wp\/v2\/media?parent=69497"}],"wp:term":[{"taxonomy":"category","embeddable":true,"href":"https:\/\/mediarun.com\/pl\/wp-json\/wp\/v2\/categories?post=69497"},{"taxonomy":"post_tag","embeddable":true,"href":"https:\/\/mediarun.com\/pl\/wp-json\/wp\/v2\/tags?post=69497"}],"curies":[{"name":"wp","href":"https:\/\/api.w.org\/{rel}","templated":true}]}}