{"id":6946,"date":"2012-04-12T16:04:04","date_gmt":"2012-04-12T14:04:04","guid":{"rendered":"https:\/\/mediarun.com\/index.php\/news-posts\/uwazam-rze-historia-juz-w-kioskach-cena-699-zl\/"},"modified":"2012-04-12T16:04:04","modified_gmt":"2012-04-12T14:04:04","slug":"uwazam-rze-historia-juz-w-kioskach-cena-699-zl","status":"publish","type":"post","link":"https:\/\/mediarun.com\/pl\/media\/prasa\/uwazam-rze-historia-juz-w-kioskach-cena-699-zl.html","title":{"rendered":"Uwa\u017cam Rze Historia ju\u017c\u00a0w kioskach. Cena: 6,99 z\u0142"},"content":{"rendered":"<p>Magazyn Uwa\u017cam Rze Historia ukaza\u0142 si\u0119 w obj\u0119to\u015bci 100 stron i w promocyjnej cenie 6,99 z\u0142. Wiod\u0105cym tematem pierwszego numeru jest opowie\u015b\u0107 o ubekach. W miesi\u0119czniku s\u0105 te\u017c artyku\u0142y m.in. o Hitlerze i Mussolinim czy \u017bydach.<\/p>\n<p>W\u015br&oacute;d felietonist&oacute;w &#8222;Uwa\u017cam Rze Histortia&#8221; znale\u017ali si\u0119 m.in.: Bronis\u0142aw Wildstein, Wiktor Suworow, Rafa\u0142 A. Zemkiewicz, Piotr Zychowicz. W sk\u0142ad redkacji wchodz\u0105, tak\u017ce, m.in.: Piotr Zaremba, Agnieszka Rybak, Ewa Siemaszko, Tomasz Sta\u0144czyk, Bogdan Musia\u0142, Piotr Semka, Piotr Gontarczyk czy Krzysztof Mas\u0142o\u0144. Redaktorem naczelnym pisma jest Pawe\u0142 Lisiecki.<\/p>\n<p>&#8211; Uwa\u017cam Rze Historia na swoj\u0105 miar\u0119, si\u0142\u0105 rzeczy ograniczon\u0105, b\u0119dzie do tego dziedzictwa nawi\u0105zywa\u0107. B\u0119dzie pokazywa\u0107 dzieje inaczej, nie uciekaj\u0105c przed tym, co kontrowersyjne i trudne. Mam nadziej\u0119, \u017ce tak, jak to by\u0142o i jest w przypadku tygodnika Uwa\u017cam Rze, r&oacute;wnie\u017c nowy miesi\u0119cznik spotka si\u0119 z dobrym pa\u0144stwa przyj\u0119ciem. Obiecuj\u0119, \u017ce publikowane tu teksty b\u0119d\u0105 ciekawe, odwa\u017cne i niepokorne. I oczywi\u015bcie zawsze rzeczowe &#8211; napisa\u0142 we wst\u0119pniaku Pawe\u0142 Lisicki, redaktor naczelny.<\/p>\n<p>Pismo dost\u0119pne jest tak\u017ce w formie e-wydania oraz aplikacji na tablety z systemami Android oraz iOS.<\/p>\n","protected":false},"excerpt":{"rendered":"12 kwietnia br. zadebiutowa\u0142 miesi\u0119cznik &#8211; Uwa\u017cam Rze Historia. Jego wydawc\u0105 jest Presspublica.","protected":false},"author":1,"featured_media":6947,"comment_status":"open","ping_status":"closed","sticky":false,"template":"","format":"standard","meta":{"csco_display_header_overlay":false,"csco_singular_sidebar":"","csco_page_header_type":"","csco_page_load_nextpost":"","csco_post_video_location":[],"csco_post_video_location_hash":"","csco_post_video_url":"","csco_post_video_bg_start_time":0,"csco_post_video_bg_end_time":0,"footnotes":""},"categories":[9673],"tags":[560,1237],"class_list":{"0":"post-6946","1":"post","2":"type-post","3":"status-publish","4":"format-standard","5":"has-post-thumbnail","7":"category-prasa","8":"tag-presspublica","9":"tag-uwazam-rze-historia","10":"cs-entry","11":"cs-video-wrap"},"_links":{"self":[{"href":"https:\/\/mediarun.com\/pl\/wp-json\/wp\/v2\/posts\/6946","targetHints":{"allow":["GET"]}}],"collection":[{"href":"https:\/\/mediarun.com\/pl\/wp-json\/wp\/v2\/posts"}],"about":[{"href":"https:\/\/mediarun.com\/pl\/wp-json\/wp\/v2\/types\/post"}],"author":[{"embeddable":true,"href":"https:\/\/mediarun.com\/pl\/wp-json\/wp\/v2\/users\/1"}],"replies":[{"embeddable":true,"href":"https:\/\/mediarun.com\/pl\/wp-json\/wp\/v2\/comments?post=6946"}],"version-history":[{"count":0,"href":"https:\/\/mediarun.com\/pl\/wp-json\/wp\/v2\/posts\/6946\/revisions"}],"wp:featuredmedia":[{"embeddable":true,"href":"https:\/\/mediarun.com\/pl\/wp-json\/wp\/v2\/media\/6947"}],"wp:attachment":[{"href":"https:\/\/mediarun.com\/pl\/wp-json\/wp\/v2\/media?parent=6946"}],"wp:term":[{"taxonomy":"category","embeddable":true,"href":"https:\/\/mediarun.com\/pl\/wp-json\/wp\/v2\/categories?post=6946"},{"taxonomy":"post_tag","embeddable":true,"href":"https:\/\/mediarun.com\/pl\/wp-json\/wp\/v2\/tags?post=6946"}],"curies":[{"name":"wp","href":"https:\/\/api.w.org\/{rel}","templated":true}]}}