{"id":69227,"date":"2006-11-14T14:39:06","date_gmt":"2006-11-14T13:39:06","guid":{"rendered":"https:\/\/mediarun.com\/index.php\/news-posts\/tanczace-gwiazdy-nie-znudzily-sie-widzom\/"},"modified":"2006-11-14T14:39:06","modified_gmt":"2006-11-14T13:39:06","slug":"tanczace-gwiazdy-nie-znudzily-sie-widzom","status":"publish","type":"post","link":"https:\/\/mediarun.com\/pl\/media\/tv\/tanczace-gwiazdy-nie-znudzily-sie-widzom.html","title":{"rendered":"Ta\u0144cz\u0105ce gwiazdy nie znudzi\u0142y si\u0119 widzom"},"content":{"rendered":"<p>Czwart\u0105 edycj\u0119 &#8216;Ta\u0144ca z gwiazdami&#8217; obejrza\u0142o w TVN \u015brednio 6,39 mln os\u00f3b, daj\u0105c stacji podczas emisji programu udzia\u0142 w rynku telewizyjnym na poziomie 38,75 proc. <\/p>\n<p>Pod wzgl\u0119dem liczby widz\u00f3w zako\u0144czona w\u0142a\u015bnie seria tanecznego show zaj\u0119\u0142a drugie miejsce spo\u015br\u00f3d wszystkich edycji, ust\u0119puj\u0105c jedynie najpopularniejszej dotychczas trzeciej serii programu, kt\u00f3ra ogl\u0105da\u0142o \u015brednio 6,74 mln widz\u00f3w. Natomiast w udzia\u0142ach w rynku obecna edycja by\u0142a minimalnie, bo o 0,12 proc. lepsza od wiosennej ods\u0142ony programu.<\/p>\n<p>&#8211; Utrzymanie takiego zainteresowania przy czwartej edycji to jest spory sukces &#8211; komentuje dla nas Andrzej So\u0142tysik, rzecznik prasowy TVN.<\/p>\n<p>Najwi\u0119cej widz\u00f3w przed ekrany przyci\u0105gn\u0105\u0142 fina\u0142owy odcinek programu, kt\u00f3ry w niedziel\u0119, 12 listopada obejrza\u0142o 6,93 mln os\u00f3b. To trzeci wynik fina\u0142u w historii, gorszy od trzeciej i drugiej edycji, kt\u00f3rych ostatnie epizody obejrza\u0142o odpowiednio 7,7 i 7,4 mln os\u00f3b.<\/p>\n<p>Podczas emisji 'Ta\u0144ca z gwiazdami&#8217; stacja TVN z udzia\u0142em w rynku 38,75 proc. by\u0142a zdecydowanym liderem ogl\u0105dalno\u015bci. Telewizyjna Jedynka mia\u0142a w tym czasie udzia\u0142 na poziomie 19,9 proc., Polsat &#8211; 15,6 proc., a Dw\u00f3jka &#8211; 12,3 proc.<\/p>\n<p>Tak dobre wyniki sk\u0142oni\u0142y TVN do zorganizowania kolejnej serii tanecznego show. &#8211; Nie zapowiadamy tego w spos\u00f3b oficjalny, ale szykujemy si\u0119 do pi\u0105tej edycji &#8211; wyja\u015bnia nam So\u0142tysik. Program, kt\u00f3ry pojawi si\u0119 wiosn\u0105, by\u0107 mo\u017ce b\u0119dzie mie\u0107 zmienion\u0105 formu\u0142\u0119 czy scenografi\u0119. <\/p>\n<p>Wiadomo jednak na pewno, \u017ce zamiast tradycyjnego &#8216;Ta\u0144ca z gwiazdami&#8217; nie zobaczymy na ekranach TVN jednej z odmian tego formatu, emitowanej m.in. przez niemiecki RTL, w kt\u00f3rej uczestnicy ta\u0144cz\u0105 na lodzie. &#8211; Nie rozwa\u017camy takiej wersji &#8211; zaprzecza So\u0142tysik.<\/p>\n","protected":false},"excerpt":{"rendered":"W niedziel\u0119 zako\u0144czy\u0142a si\u0119 czwarta edycja programu TVN &#8216;Taniec z gwiazdami&#8217;. Fina\u0142owy odcinek w kt\u00f3rym Kryszta\u0142ow\u0105 Kul\u0119 zgarn\u0119\u0142a para Kinga Rusin i Stefano Terrazzino obejrza\u0142o ponad 6,9 mln os\u00f3b, za\u015b ca\u0142a seria przyci\u0105ga\u0142a co tydzie\u0144 przed telewizory 6,4 mln widz\u00f3w. To mniej ni\u017c w trzeciej edycji, ale show nadal ma spory potencja\u0142 i dlatego powr\u00f3ci wiosn\u0105.","protected":false},"author":1,"featured_media":69228,"comment_status":"open","ping_status":"closed","sticky":false,"template":"","format":"standard","meta":{"csco_display_header_overlay":false,"csco_singular_sidebar":"","csco_page_header_type":"","csco_page_load_nextpost":"","csco_post_video_location":[],"csco_post_video_location_hash":"","csco_post_video_url":"","csco_post_video_bg_start_time":0,"csco_post_video_bg_end_time":0,"footnotes":""},"categories":[9670],"tags":[],"class_list":{"0":"post-69227","1":"post","2":"type-post","3":"status-publish","4":"format-standard","5":"has-post-thumbnail","7":"category-tv","8":"cs-entry","9":"cs-video-wrap"},"_links":{"self":[{"href":"https:\/\/mediarun.com\/pl\/wp-json\/wp\/v2\/posts\/69227","targetHints":{"allow":["GET"]}}],"collection":[{"href":"https:\/\/mediarun.com\/pl\/wp-json\/wp\/v2\/posts"}],"about":[{"href":"https:\/\/mediarun.com\/pl\/wp-json\/wp\/v2\/types\/post"}],"author":[{"embeddable":true,"href":"https:\/\/mediarun.com\/pl\/wp-json\/wp\/v2\/users\/1"}],"replies":[{"embeddable":true,"href":"https:\/\/mediarun.com\/pl\/wp-json\/wp\/v2\/comments?post=69227"}],"version-history":[{"count":0,"href":"https:\/\/mediarun.com\/pl\/wp-json\/wp\/v2\/posts\/69227\/revisions"}],"wp:featuredmedia":[{"embeddable":true,"href":"https:\/\/mediarun.com\/pl\/wp-json\/wp\/v2\/media\/69228"}],"wp:attachment":[{"href":"https:\/\/mediarun.com\/pl\/wp-json\/wp\/v2\/media?parent=69227"}],"wp:term":[{"taxonomy":"category","embeddable":true,"href":"https:\/\/mediarun.com\/pl\/wp-json\/wp\/v2\/categories?post=69227"},{"taxonomy":"post_tag","embeddable":true,"href":"https:\/\/mediarun.com\/pl\/wp-json\/wp\/v2\/tags?post=69227"}],"curies":[{"name":"wp","href":"https:\/\/api.w.org\/{rel}","templated":true}]}}