{"id":69219,"date":"2006-11-14T23:19:54","date_gmt":"2006-11-14T22:19:54","guid":{"rendered":"https:\/\/mediarun.com\/index.php\/news-posts\/z-rmf-fm-do-nsport\/"},"modified":"2006-11-14T23:19:54","modified_gmt":"2006-11-14T22:19:54","slug":"z-rmf-fm-do-nsport","status":"publish","type":"post","link":"https:\/\/mediarun.com\/pl\/media\/tv\/z-rmf-fm-do-nsport.html","title":{"rendered":"Z RMF FM do Nsport"},"content":{"rendered":"<p>Pawe\u0142 Sikora by\u0142 reporterem i jednym z autor\u00f3w &#8216;Fakt\u00f3w Sportowych&#8217; RMF FM. Po raz ostatni serwis sportowy w rozg\u0142o\u015bni poprowadzi\u0142 we wtorek o godz. 8.30. Z rozg\u0142o\u015bni\u0105 Sikora zwi\u0105zany by\u0142 przez blisko 8 lat.<\/p>\n","protected":false},"excerpt":{"rendered":"Pawe\u0142 Sikora, dziennikarz sportowy RMF FM, ko\u0144czy wsp\u00f3\u0142prac\u0119 z rozg\u0142o\u015bnia. Serwis Fan FM poda\u0142, \u017ce Sikora przechodzi do kana\u0142u Nsport, gdzie ma by\u0107 reporterem i prezenterem. &#8211; Odchodz\u0119, poniewa\u017c dosta\u0142em dobr\u0105 ofert\u0119 w odpowiednim momencie &#8211; t\u0142umaczy nam swoj\u0105 decyzj\u0119 dziennikarz.","protected":false},"author":1,"featured_media":69220,"comment_status":"open","ping_status":"closed","sticky":false,"template":"","format":"standard","meta":{"csco_display_header_overlay":false,"csco_singular_sidebar":"","csco_page_header_type":"","csco_page_load_nextpost":"","csco_post_video_location":[],"csco_post_video_location_hash":"","csco_post_video_url":"","csco_post_video_bg_start_time":0,"csco_post_video_bg_end_time":0,"footnotes":""},"categories":[9670],"tags":[],"class_list":{"0":"post-69219","1":"post","2":"type-post","3":"status-publish","4":"format-standard","5":"has-post-thumbnail","7":"category-tv","8":"cs-entry","9":"cs-video-wrap"},"_links":{"self":[{"href":"https:\/\/mediarun.com\/pl\/wp-json\/wp\/v2\/posts\/69219","targetHints":{"allow":["GET"]}}],"collection":[{"href":"https:\/\/mediarun.com\/pl\/wp-json\/wp\/v2\/posts"}],"about":[{"href":"https:\/\/mediarun.com\/pl\/wp-json\/wp\/v2\/types\/post"}],"author":[{"embeddable":true,"href":"https:\/\/mediarun.com\/pl\/wp-json\/wp\/v2\/users\/1"}],"replies":[{"embeddable":true,"href":"https:\/\/mediarun.com\/pl\/wp-json\/wp\/v2\/comments?post=69219"}],"version-history":[{"count":0,"href":"https:\/\/mediarun.com\/pl\/wp-json\/wp\/v2\/posts\/69219\/revisions"}],"wp:featuredmedia":[{"embeddable":true,"href":"https:\/\/mediarun.com\/pl\/wp-json\/wp\/v2\/media\/69220"}],"wp:attachment":[{"href":"https:\/\/mediarun.com\/pl\/wp-json\/wp\/v2\/media?parent=69219"}],"wp:term":[{"taxonomy":"category","embeddable":true,"href":"https:\/\/mediarun.com\/pl\/wp-json\/wp\/v2\/categories?post=69219"},{"taxonomy":"post_tag","embeddable":true,"href":"https:\/\/mediarun.com\/pl\/wp-json\/wp\/v2\/tags?post=69219"}],"curies":[{"name":"wp","href":"https:\/\/api.w.org\/{rel}","templated":true}]}}