{"id":69205,"date":"2006-11-15T06:00:00","date_gmt":"2006-11-15T05:00:00","guid":{"rendered":"https:\/\/mediarun.com\/index.php\/news-posts\/carat-polska-bedzie-mial-nowego-szefa\/"},"modified":"2006-11-15T06:00:00","modified_gmt":"2006-11-15T05:00:00","slug":"carat-polska-bedzie-mial-nowego-szefa","status":"publish","type":"post","link":"https:\/\/mediarun.com\/pl\/ludzie\/awanse\/carat-polska-bedzie-mial-nowego-szefa.html","title":{"rendered":"Carat Polska b\u0119dzie mia\u0142 nowego szefa?"},"content":{"rendered":"<p><P>&#8211; poinformowa\u0142 nieoficjalnie magazyn Media i Marketing w swoim biuletynie internetowym. Mia\u0142by zast\u0105pi\u0107 Rafa\u0142a Wolnomiejskiego.<\/P><br \/>\n<P>Chojnecki pe\u0142ni od 2003 r. funkcj\u0119 dyrektora zarz\u0105dzaj\u0105cego Vizeum Polska, kt\u00f3ry, podobnie jak Carat, wchodzi w sk\u0142ad grupy Aegis Media.<\/P><br \/>\n<P>Przedstawiciele Carat Polska nie potwiedzili tych doniesie\u0144. <\/P><\/p>\n","protected":false},"excerpt":{"rendered":"Tomasz Chojnecki prawdopodobnie obejmie stanowisko dyrektora zarz\u0105dzaj\u0105cego domu mediowego Carat Polska&#8230;","protected":false},"author":1,"featured_media":69206,"comment_status":"open","ping_status":"closed","sticky":false,"template":"","format":"standard","meta":{"csco_display_header_overlay":false,"csco_singular_sidebar":"","csco_page_header_type":"","csco_page_load_nextpost":"","csco_post_video_location":[],"csco_post_video_location_hash":"","csco_post_video_url":"","csco_post_video_bg_start_time":0,"csco_post_video_bg_end_time":0,"footnotes":""},"categories":[9678],"tags":[],"class_list":{"0":"post-69205","1":"post","2":"type-post","3":"status-publish","4":"format-standard","5":"has-post-thumbnail","7":"category-awanse","8":"cs-entry","9":"cs-video-wrap"},"_links":{"self":[{"href":"https:\/\/mediarun.com\/pl\/wp-json\/wp\/v2\/posts\/69205","targetHints":{"allow":["GET"]}}],"collection":[{"href":"https:\/\/mediarun.com\/pl\/wp-json\/wp\/v2\/posts"}],"about":[{"href":"https:\/\/mediarun.com\/pl\/wp-json\/wp\/v2\/types\/post"}],"author":[{"embeddable":true,"href":"https:\/\/mediarun.com\/pl\/wp-json\/wp\/v2\/users\/1"}],"replies":[{"embeddable":true,"href":"https:\/\/mediarun.com\/pl\/wp-json\/wp\/v2\/comments?post=69205"}],"version-history":[{"count":0,"href":"https:\/\/mediarun.com\/pl\/wp-json\/wp\/v2\/posts\/69205\/revisions"}],"wp:featuredmedia":[{"embeddable":true,"href":"https:\/\/mediarun.com\/pl\/wp-json\/wp\/v2\/media\/69206"}],"wp:attachment":[{"href":"https:\/\/mediarun.com\/pl\/wp-json\/wp\/v2\/media?parent=69205"}],"wp:term":[{"taxonomy":"category","embeddable":true,"href":"https:\/\/mediarun.com\/pl\/wp-json\/wp\/v2\/categories?post=69205"},{"taxonomy":"post_tag","embeddable":true,"href":"https:\/\/mediarun.com\/pl\/wp-json\/wp\/v2\/tags?post=69205"}],"curies":[{"name":"wp","href":"https:\/\/api.w.org\/{rel}","templated":true}]}}