{"id":69176,"date":"2006-11-15T18:47:13","date_gmt":"2006-11-15T17:47:13","guid":{"rendered":"https:\/\/mediarun.com\/index.php\/news-posts\/metro-promuje-jazde-autobusem\/"},"modified":"2006-11-15T18:47:13","modified_gmt":"2006-11-15T17:47:13","slug":"metro-promuje-jazde-autobusem","status":"publish","type":"post","link":"https:\/\/mediarun.com\/pl\/media\/prasa\/metro-promuje-jazde-autobusem.html","title":{"rendered":"&#8216;Metro&#8217; promuje jazd\u0119 autobusem"},"content":{"rendered":"<p>&#8216;Metro&#8217; opublikuje artyku\u0142y promuj\u0105ce jazd\u0119 autobusem, por\u00f3wnanie koszt\u00f3w utrzymania auta i poruszania si\u0119 bez niego, opowie\u015bci gwiazd, kt\u00f3re korzystaj\u0105 z przejazd\u00f3w autobusami, czy tramwajami, prezentacj\u0119 historii autobus\u00f3w w Polsce, od pierwszych powojennych marek do dzi\u015b. <\/p>\n<p>Zwie\u0144czeniem cyklu b\u0119dzie specjalny dodatek z opowie\u015bciami autobusowymi nadsy\u0142anymi przez czytelnik\u00f3w, kt\u00f3ry uka\u017ce si\u0119 1 grudnia. <\/p>\n<p>Akcja &#8216;Metra&#8217; nawi\u0105zuje do 6. edycji konkursu Galerii Plakatu AMS &#8216;Zostaw samoch\u00f3d &#8211; daj odetchn\u0105\u0107 miastu&#8217;, kt\u00f3rej wsp\u00f3\u0142organizatorem s\u0105: AMS i Izba Gospodarcza Komunikacji Miejskiej.<\/p>\n","protected":false},"excerpt":{"rendered":"We czwartek, 16 listopada &#8216;Metro&#8217; rozpoczyna kolejn\u0105 akcj\u0119 czytelnicz\u0105. Tym razem dziennik b\u0119dzie namawia\u0107 do korzystania z komunikacji miejskiej i zastanawia\u0107 si\u0119, co mo\u017cna zrobi\u0107 \u017ceby ta by\u0142a jak najbardziej przyjazna dla mieszka\u0144c\u00f3w miast. Akcja potrwa do 24 listopada. W jej ramach w og\u00f3lnopolskim wydaniu &#8216;Metra&#8217; ukazywa\u0107 si\u0119 b\u0119dzie cykl redakcyjny po\u015bwi\u0119cony alternatywnym sposobom poruszania si\u0119 po mie\u015bcie.","protected":false},"author":1,"featured_media":0,"comment_status":"open","ping_status":"closed","sticky":false,"template":"","format":"standard","meta":{"csco_display_header_overlay":false,"csco_singular_sidebar":"","csco_page_header_type":"","csco_page_load_nextpost":"","csco_post_video_location":[],"csco_post_video_location_hash":"","csco_post_video_url":"","csco_post_video_bg_start_time":0,"csco_post_video_bg_end_time":0,"footnotes":""},"categories":[9673],"tags":[],"class_list":{"0":"post-69176","1":"post","2":"type-post","3":"status-publish","4":"format-standard","6":"category-prasa","7":"cs-entry","8":"cs-video-wrap"},"_links":{"self":[{"href":"https:\/\/mediarun.com\/pl\/wp-json\/wp\/v2\/posts\/69176","targetHints":{"allow":["GET"]}}],"collection":[{"href":"https:\/\/mediarun.com\/pl\/wp-json\/wp\/v2\/posts"}],"about":[{"href":"https:\/\/mediarun.com\/pl\/wp-json\/wp\/v2\/types\/post"}],"author":[{"embeddable":true,"href":"https:\/\/mediarun.com\/pl\/wp-json\/wp\/v2\/users\/1"}],"replies":[{"embeddable":true,"href":"https:\/\/mediarun.com\/pl\/wp-json\/wp\/v2\/comments?post=69176"}],"version-history":[{"count":0,"href":"https:\/\/mediarun.com\/pl\/wp-json\/wp\/v2\/posts\/69176\/revisions"}],"wp:attachment":[{"href":"https:\/\/mediarun.com\/pl\/wp-json\/wp\/v2\/media?parent=69176"}],"wp:term":[{"taxonomy":"category","embeddable":true,"href":"https:\/\/mediarun.com\/pl\/wp-json\/wp\/v2\/categories?post=69176"},{"taxonomy":"post_tag","embeddable":true,"href":"https:\/\/mediarun.com\/pl\/wp-json\/wp\/v2\/tags?post=69176"}],"curies":[{"name":"wp","href":"https:\/\/api.w.org\/{rel}","templated":true}]}}