{"id":69141,"date":"2006-11-16T06:00:00","date_gmt":"2006-11-16T05:00:00","guid":{"rendered":"https:\/\/mediarun.com\/index.php\/news-posts\/tvp-sport-ruszy-w-sobote-2\/"},"modified":"2006-11-16T06:00:00","modified_gmt":"2006-11-16T05:00:00","slug":"tvp-sport-ruszy-w-sobote-2","status":"publish","type":"post","link":"https:\/\/mediarun.com\/pl\/media\/tv\/tvp-sport-ruszy-w-sobote-2.html","title":{"rendered":"TVP Sport ruszy w sobot\u0119"},"content":{"rendered":"<p><P>kt\u00f3rego dost\u0119pno\u015b\u0107 dla widz\u00f3w b\u0119dzie zale\u017ce\u0107 przede wszystkim od zainteresowania rynku. Dotychczas g\u0142\u00f3wne kana\u0142y telewizji publicznej by\u0142y oferowane za darmo operatorom, jako kana\u0142y misyjne typu &#8222;must carry&#8221;. Z TVP Sport jest inaczej. Nadawca podpisa\u0142 ju\u017c cz\u0119\u015b\u0107 um\u00f3w licencyjnych na reemisj\u0119. <\/P><br \/>\n<P>TVP szacuje, \u017ce do ko\u0144ca roku kana\u0142 sportowy mo\u017ce by\u0107 dost\u0119pny u oko\u0142o 600 tysi\u0119cy abonent\u00f3w sieci kablowych i platform cyfrowych. TVP Sport b\u0119dzie nadawa\u0142 oko\u0142o 16 godzin dziennie, od godz. 9 do p\u00f3\u0142nocy. <\/P><br \/>\n<P>W ka\u017cdym tygodniu w ram\u00f3wce znajdzie si\u0119 m.in. 50 godzin programu premierowego, co najmniej siedem transmisji z wydarze\u0144 w polskim sporcie, siedem premierowych magazyn\u00f3w tematycznych, reporta\u017ce i filmy dokumentalne oraz serwisy informacyjne. <\/P><br \/>\n<P>Telewizja Polska posiada prawa m.in. do igrzysk olimpijskich 2008, 2010 i 2012, mistrzostw \u015bwiata i Europy w p\u0142ywaniu i lekkiej atletyce, M\u015a w biathlonie, narciarstwie klasycznym i alpejskim, ME w siatk\u00f3wce kobiet i m\u0119\u017cczyzn &#8211; wszystkie w 2007 roku oraz Pucharu \u015awiata w skokach narciarskich w latach 2006-2009. <\/P><br \/>\n<P>40 procent czasu antenowego zajmie pi\u0142ka no\u017cna. Obecnie TVP Sport ma prawa do pokazywania 70 mecz\u00f3w i 30 skr\u00f3t\u00f3w mecz\u00f3w eliminacyjnych do ME 2008 (negocjacje w sprawie sprzeda\u017cy praw do transmisji Euro 2008 jeszcze trwaj\u0105), M\u015a 2010, Ligi Mistrz\u00f3w i Pucharu UEFA, Copa Libertadores i krajowej drugiej ligi. <\/P><br \/>\n<P>Twarzami TVP Sport, kt\u00f3ry wed\u0142ug szefa kana\u0142u Roberta Korzeniowskiego za 2-3 lata ma zacz\u0105\u0107 zarabia\u0107 na siebie, maj\u0105 by\u0107 na pocz\u0105tku tyczkarka Monika Pyrek i biathlonista Tomasz Sikora. <\/P><br \/>\n<P>Sportowy kana\u0142 Telewizji Polskiej b\u0119dzie mia\u0142 du\u017c\u0105 konkurencj\u0119. Przed miesi\u0105cem rozpocz\u0119\u0142a nadawanie N, platforma cyfrowa grupy ITI, w kt\u00f3rej znalaz\u0142 si\u0119 kana\u0142 nsport, program informacyjno-publicystyczny o charakterze sportowym. R\u00f3wnie\u017c niedawno na polski rynek wszed\u0142 kana\u0142 Sport Klub. Od lat kibice maj\u0105 dost\u0119p do program\u00f3w Eurosportu, Canal+ Sport i Polsatu Sport. <\/P><\/p>\n","protected":false},"excerpt":{"rendered":"18 listopada o godz. 16 rozpocznie nadawanie kana\u0142 TVP Sport. To pierwszy komercyjny, kodowany kana\u0142 TVP, kt\u00f3rego&#8230;","protected":false},"author":1,"featured_media":69142,"comment_status":"open","ping_status":"closed","sticky":false,"template":"","format":"standard","meta":{"csco_display_header_overlay":false,"csco_singular_sidebar":"","csco_page_header_type":"","csco_page_load_nextpost":"","csco_post_video_location":[],"csco_post_video_location_hash":"","csco_post_video_url":"","csco_post_video_bg_start_time":0,"csco_post_video_bg_end_time":0,"footnotes":""},"categories":[9670],"tags":[],"class_list":{"0":"post-69141","1":"post","2":"type-post","3":"status-publish","4":"format-standard","5":"has-post-thumbnail","7":"category-tv","8":"cs-entry","9":"cs-video-wrap"},"_links":{"self":[{"href":"https:\/\/mediarun.com\/pl\/wp-json\/wp\/v2\/posts\/69141","targetHints":{"allow":["GET"]}}],"collection":[{"href":"https:\/\/mediarun.com\/pl\/wp-json\/wp\/v2\/posts"}],"about":[{"href":"https:\/\/mediarun.com\/pl\/wp-json\/wp\/v2\/types\/post"}],"author":[{"embeddable":true,"href":"https:\/\/mediarun.com\/pl\/wp-json\/wp\/v2\/users\/1"}],"replies":[{"embeddable":true,"href":"https:\/\/mediarun.com\/pl\/wp-json\/wp\/v2\/comments?post=69141"}],"version-history":[{"count":0,"href":"https:\/\/mediarun.com\/pl\/wp-json\/wp\/v2\/posts\/69141\/revisions"}],"wp:featuredmedia":[{"embeddable":true,"href":"https:\/\/mediarun.com\/pl\/wp-json\/wp\/v2\/media\/69142"}],"wp:attachment":[{"href":"https:\/\/mediarun.com\/pl\/wp-json\/wp\/v2\/media?parent=69141"}],"wp:term":[{"taxonomy":"category","embeddable":true,"href":"https:\/\/mediarun.com\/pl\/wp-json\/wp\/v2\/categories?post=69141"},{"taxonomy":"post_tag","embeddable":true,"href":"https:\/\/mediarun.com\/pl\/wp-json\/wp\/v2\/tags?post=69141"}],"curies":[{"name":"wp","href":"https:\/\/api.w.org\/{rel}","templated":true}]}}