{"id":69127,"date":"2006-11-16T07:58:54","date_gmt":"2006-11-16T06:58:54","guid":{"rendered":"https:\/\/mediarun.com\/index.php\/news-posts\/tvp-sport-ruszy-w-sobote\/"},"modified":"2006-11-16T07:58:54","modified_gmt":"2006-11-16T06:58:54","slug":"tvp-sport-ruszy-w-sobote","status":"publish","type":"post","link":"https:\/\/mediarun.com\/pl\/media\/tv\/tvp-sport-ruszy-w-sobote.html","title":{"rendered":"TVP Sport ruszy w sobot\u0119"},"content":{"rendered":"<p>Obecnie Telewizja Polska prowadzi negocjacje &#8211; jak informuje w komunikacie &#8211; &#8216;z wszystkimi licz\u0105cymi si\u0119 uczestnikami rynku&#8217;, m.in. z platformami cyfrowymi, operatorami DSL i operatorami kablowymi.<\/p>\n<p>TVP szacuje, \u017ce do ko\u0144ca roku kana\u0142 TVP Sport mo\u017ce by\u0107 dost\u0119pny u ok. 600 tys. abonent\u00f3w sieci kablowych, a w ci\u0105gu roku od uruchomienia &#8211; we wszystkich du\u017cych sieciach kablowych. <\/p>\n<p>TVP Sport nadawa\u0107 b\u0119dzie oko\u0142o 16 godzin dziennie (od 9 do 24). Silnym punktem ram\u00f3wki b\u0119d\u0105 serwisy informacyjne nadawane co godzin\u0119 w porach najwy\u017cszej ogl\u0105dalno\u015bci. 65 proc. czasu emisji maj\u0105 stanowi\u0107 transmisje z wydarze\u0144 sportowych, 5 proc. zajm\u0105 materia\u0142y archiwalne, a 8 proc. &#8211; reklamy. Na antenie nie zabraknie tak\u017ce tematycznych magazyn\u00f3w sportowych.<\/p>\n<p>Tw\u00f3rcy kana\u0142u planuj\u0105 w ka\u017cdym tygodniu m.in.: 50 godzin programu premierowego, co najmniej 7 transmisji z wydarze\u0144 w polskim sporcie, 7 premierowych magazyn\u00f3w tematycznych, 4 reporta\u017ce lub filmy dokumentalne.<\/p>\n<p>Ponadto w sobot\u0119 i niedziele TVP Sport b\u0119dzie blisko wsp\u00f3\u0142pracowa\u0107 z o\u015brodkami regionalnymi Telewizji Polskiej, realizuj\u0105c wsp\u00f3lne transmisje i relacje z krajowych wydarze\u0144 sportowych.<\/p>\n<p>W\u015br\u00f3d praw do transmisji, jakimi dysponuje TVP Sport, s\u0105 m.in. kwalifikacje Euro 2008, Igrzyska Olimpijskie w Pekinie oraz Londynie i Zimowe w Vancouver, a tak\u017ce Puchar \u015awiata w skokach narciarskich (do 2009 roku) czy Mistrzostwa \u015awiata w Pi\u0142ce No\u017cnej RPA 2010.<\/p>\n","protected":false},"excerpt":{"rendered":"W sobot\u0119 rozpocznie nadawanie TVP Sport, kt\u00f3ry ma by\u0107 pierwszym komercyjnym kodowanym kana\u0142em publicznej telewizji. TVP b\u0119dzie udziela\u0107 operatorom medialnym p\u0142atnych licencji na reemisj\u0119. Na razie now\u0105 stacj\u0119 ogl\u0105da\u0107 b\u0119dzie mo\u017cna poprzez satelit\u0119 Astra 1KR, a tak\u017ce na platformie cyfrowej N.","protected":false},"author":1,"featured_media":69128,"comment_status":"open","ping_status":"closed","sticky":false,"template":"","format":"standard","meta":{"csco_display_header_overlay":false,"csco_singular_sidebar":"","csco_page_header_type":"","csco_page_load_nextpost":"","csco_post_video_location":[],"csco_post_video_location_hash":"","csco_post_video_url":"","csco_post_video_bg_start_time":0,"csco_post_video_bg_end_time":0,"footnotes":""},"categories":[9670],"tags":[],"class_list":{"0":"post-69127","1":"post","2":"type-post","3":"status-publish","4":"format-standard","5":"has-post-thumbnail","7":"category-tv","8":"cs-entry","9":"cs-video-wrap"},"_links":{"self":[{"href":"https:\/\/mediarun.com\/pl\/wp-json\/wp\/v2\/posts\/69127","targetHints":{"allow":["GET"]}}],"collection":[{"href":"https:\/\/mediarun.com\/pl\/wp-json\/wp\/v2\/posts"}],"about":[{"href":"https:\/\/mediarun.com\/pl\/wp-json\/wp\/v2\/types\/post"}],"author":[{"embeddable":true,"href":"https:\/\/mediarun.com\/pl\/wp-json\/wp\/v2\/users\/1"}],"replies":[{"embeddable":true,"href":"https:\/\/mediarun.com\/pl\/wp-json\/wp\/v2\/comments?post=69127"}],"version-history":[{"count":0,"href":"https:\/\/mediarun.com\/pl\/wp-json\/wp\/v2\/posts\/69127\/revisions"}],"wp:featuredmedia":[{"embeddable":true,"href":"https:\/\/mediarun.com\/pl\/wp-json\/wp\/v2\/media\/69128"}],"wp:attachment":[{"href":"https:\/\/mediarun.com\/pl\/wp-json\/wp\/v2\/media?parent=69127"}],"wp:term":[{"taxonomy":"category","embeddable":true,"href":"https:\/\/mediarun.com\/pl\/wp-json\/wp\/v2\/categories?post=69127"},{"taxonomy":"post_tag","embeddable":true,"href":"https:\/\/mediarun.com\/pl\/wp-json\/wp\/v2\/tags?post=69127"}],"curies":[{"name":"wp","href":"https:\/\/api.w.org\/{rel}","templated":true}]}}