{"id":69083,"date":"2006-11-17T06:00:00","date_gmt":"2006-11-17T05:00:00","guid":{"rendered":"https:\/\/mediarun.com\/index.php\/news-posts\/akademia-muzyczna-trojki-bedzie-oceniac\/"},"modified":"2006-11-17T06:00:00","modified_gmt":"2006-11-17T05:00:00","slug":"akademia-muzyczna-trojki-bedzie-oceniac","status":"publish","type":"post","link":"https:\/\/mediarun.com\/pl\/media\/radio\/akademia-muzyczna-trojki-bedzie-oceniac.html","title":{"rendered":"Akademia Muzyczna Tr\u00f3jki b\u0119dzie ocenia\u0107"},"content":{"rendered":"<p>prezentowanej na antenie Programu Trzeciego. B\u0119dzie to kapitu\u0142a oceniaj\u0105ca, wspomagaj\u0105ca i kreuj\u0105ca wydarzenia, przedstawione w radiowej Tr\u00f3jce.<br \/>\n<P>Pocz\u0105wszy od przysz\u0142ego roku, Akademia b\u0119dzie przyznawa\u0107 w\u0142asn\u0105 nagrod\u0119. W sk\u0142ad kapitu\u0142y tej nagrody zostali powo\u0142ani: Jan Ptaszyn Wr\u00f3blewski, Piotr Kaczkowski, Wojciech Mann, Grzegorz Wasowski, Marek Nied\u017awiecki, Piotr Stelmach, Marcin Kydry\u0144ski, Pawe\u0142 Sztompke, Barbara Podmiotko, Agnieszka Szyd\u0142owska, Piotr Metz, Jan Borkowski, Grzegorz Hoffman, Jan Chojnacki i Wojciech Ossowski. <\/P><br \/>\n<P>O szczeg\u00f3\u0142owych planach zmian oferty muzycznej radiowej Tr\u00f3jki w przysz\u0142ym roku, Akademia Muzyczna Tr\u00f3jki poinformuje na specjalnym &#8211; otwartym dla medi\u00f3w &#8211; posiedzeniu, kt\u00f3re odb\u0119dzie si\u0119 pod koniec grudnia. <\/P><\/p>\n","protected":false},"excerpt":{"rendered":"Powsta\u0142a Akademia Muzyczna Tr\u00f3jki. Do jej zada\u0144 b\u0119dzie nale\u017ce\u0107 przede wszystkim dba\u0142o\u015b\u0107 o jako\u015b\u0107 muzyki&#8230;","protected":false},"author":1,"featured_media":69084,"comment_status":"open","ping_status":"closed","sticky":false,"template":"","format":"standard","meta":{"csco_display_header_overlay":false,"csco_singular_sidebar":"","csco_page_header_type":"","csco_page_load_nextpost":"","csco_post_video_location":[],"csco_post_video_location_hash":"","csco_post_video_url":"","csco_post_video_bg_start_time":0,"csco_post_video_bg_end_time":0,"footnotes":""},"categories":[9672],"tags":[],"class_list":{"0":"post-69083","1":"post","2":"type-post","3":"status-publish","4":"format-standard","5":"has-post-thumbnail","7":"category-radio","8":"cs-entry","9":"cs-video-wrap"},"_links":{"self":[{"href":"https:\/\/mediarun.com\/pl\/wp-json\/wp\/v2\/posts\/69083","targetHints":{"allow":["GET"]}}],"collection":[{"href":"https:\/\/mediarun.com\/pl\/wp-json\/wp\/v2\/posts"}],"about":[{"href":"https:\/\/mediarun.com\/pl\/wp-json\/wp\/v2\/types\/post"}],"author":[{"embeddable":true,"href":"https:\/\/mediarun.com\/pl\/wp-json\/wp\/v2\/users\/1"}],"replies":[{"embeddable":true,"href":"https:\/\/mediarun.com\/pl\/wp-json\/wp\/v2\/comments?post=69083"}],"version-history":[{"count":0,"href":"https:\/\/mediarun.com\/pl\/wp-json\/wp\/v2\/posts\/69083\/revisions"}],"wp:featuredmedia":[{"embeddable":true,"href":"https:\/\/mediarun.com\/pl\/wp-json\/wp\/v2\/media\/69084"}],"wp:attachment":[{"href":"https:\/\/mediarun.com\/pl\/wp-json\/wp\/v2\/media?parent=69083"}],"wp:term":[{"taxonomy":"category","embeddable":true,"href":"https:\/\/mediarun.com\/pl\/wp-json\/wp\/v2\/categories?post=69083"},{"taxonomy":"post_tag","embeddable":true,"href":"https:\/\/mediarun.com\/pl\/wp-json\/wp\/v2\/tags?post=69083"}],"curies":[{"name":"wp","href":"https:\/\/api.w.org\/{rel}","templated":true}]}}