{"id":6896,"date":"2012-04-14T12:56:42","date_gmt":"2012-04-14T10:56:42","guid":{"rendered":"https:\/\/mediarun.com\/index.php\/news-posts\/czlonkowie-rady-programowej-radia-krakow-maja-dosc-polityki-dworaka-i-rezygnuja\/"},"modified":"2012-04-14T12:56:42","modified_gmt":"2012-04-14T10:56:42","slug":"czlonkowie-rady-programowej-radia-krakow-maja-dosc-polityki-dworaka-i-rezygnuja","status":"publish","type":"post","link":"https:\/\/mediarun.com\/pl\/media\/tv\/czlonkowie-rady-programowej-radia-krakow-maja-dosc-polityki-dworaka-i-rezygnuja.html","title":{"rendered":"Cz\u0142onkowie Rady Programowej Radia Krak\u00f3w maj\u0105 do\u015b\u0107 polityki Dworaka i rezygnuj\u0105"},"content":{"rendered":"<p>&#8211; Nie mo\u017cemy d\u0142u\u017cej akceptowa\u0107 Pana dzia\u0142a\u0144 jako Przewodnicz\u0105cego Krajowej Rady Radiofonii i Telewizji, samej Krajowej Rady, a tak\u017ce struktur zarz\u0105dzaj\u0105cych Polsk\u0105 Telewizj\u0105 Publiczn\u0105 i Polskim Radiem(&#8230;)Postawy patriotyczne i s\u0142u\u017cebne wobec narodu s\u0105 wy\u015bmiewane i niszczone. W tzw. rozrywce panuje chamstwo i zdziczenie obyczaj&oacute;w &#8211; napisali cz\u0142onkowie Rady Programowej Radia Krak&oacute;w w li\u015bcie otwartym do Jana Dworaka.<\/p>\n<p>&#8211; Najwa\u017cniejszym bod\u017acem do podj\u0119cia decyzji o rezygnacji z pe\u0142nionych funkcji w Radzie Programowej Radia Krak&oacute;w by\u0142a sytuacja Telewizji Trwam &#8211; zaznacza Stanis\u0142aw Markowski, artysta, fotografik.<br \/>&#8211; Je\u017celi ignoruje si\u0119 g\u0142os widz&oacute;w, to nie p\u0142a\u0107my abonamentu na Telewizj\u0119 Publiczn\u0105. P\u0142a\u0107my na Telewizje Trwam &#8211; apeluje Mikulski.<\/p>\n<p>Pod listem otwartym z dnia 12 kwietnia br. do Jana Dworaka (prezesa KRRiT), podpisali si\u0119: Stanis\u0142aw Markowski (artysta fotografik), Jaros\u0142aw Szarek (historyk) i Piotr Doerre (dziennikarz), W\u0142odzimierz Bernacki (posel PIS, prof. UJ).<\/p>\n<p>To nie pierwszy protest, wobec dzia\u0142a\u0144 KRRiTV. 24 marca br. w kilku miastach Polski odby\u0142 sie Marsz w Obronie Wolno\u015bci Medi&oacute;w. By\u0142 on sprzeciwem wobec nieprzyznania TV Trwam koncesji na naziemne nadawanie cyfrowe.<\/p>\n","protected":false},"excerpt":{"rendered":"&#8211; W rozrywce panuje chamstwo i zdziczenie obyczaj&oacute;w &#8211; uwa\u017ca czterech z pi\u0119tnastu cz\u0142onk&oacute;w Rady Programowej Radia Krak&oacute;w i na r\u0119ce Jana Dworaka (prezesa KRRiTV) sk\u0142adaj\u0105 swoj\u0105 rezygnacj\u0119 z pe\u0142nionych tam funkcji.","protected":false},"author":1,"featured_media":6897,"comment_status":"open","ping_status":"closed","sticky":false,"template":"","format":"standard","meta":{"csco_display_header_overlay":false,"csco_singular_sidebar":"","csco_page_header_type":"","csco_page_load_nextpost":"","csco_post_video_location":[],"csco_post_video_location_hash":"","csco_post_video_url":"","csco_post_video_bg_start_time":0,"csco_post_video_bg_end_time":0,"footnotes":""},"categories":[9670],"tags":[407,392],"class_list":{"0":"post-6896","1":"post","2":"type-post","3":"status-publish","4":"format-standard","5":"has-post-thumbnail","7":"category-tv","8":"tag-krrit","9":"tag-tvp","10":"cs-entry","11":"cs-video-wrap"},"_links":{"self":[{"href":"https:\/\/mediarun.com\/pl\/wp-json\/wp\/v2\/posts\/6896","targetHints":{"allow":["GET"]}}],"collection":[{"href":"https:\/\/mediarun.com\/pl\/wp-json\/wp\/v2\/posts"}],"about":[{"href":"https:\/\/mediarun.com\/pl\/wp-json\/wp\/v2\/types\/post"}],"author":[{"embeddable":true,"href":"https:\/\/mediarun.com\/pl\/wp-json\/wp\/v2\/users\/1"}],"replies":[{"embeddable":true,"href":"https:\/\/mediarun.com\/pl\/wp-json\/wp\/v2\/comments?post=6896"}],"version-history":[{"count":0,"href":"https:\/\/mediarun.com\/pl\/wp-json\/wp\/v2\/posts\/6896\/revisions"}],"wp:featuredmedia":[{"embeddable":true,"href":"https:\/\/mediarun.com\/pl\/wp-json\/wp\/v2\/media\/6897"}],"wp:attachment":[{"href":"https:\/\/mediarun.com\/pl\/wp-json\/wp\/v2\/media?parent=6896"}],"wp:term":[{"taxonomy":"category","embeddable":true,"href":"https:\/\/mediarun.com\/pl\/wp-json\/wp\/v2\/categories?post=6896"},{"taxonomy":"post_tag","embeddable":true,"href":"https:\/\/mediarun.com\/pl\/wp-json\/wp\/v2\/tags?post=6896"}],"curies":[{"name":"wp","href":"https:\/\/api.w.org\/{rel}","templated":true}]}}