{"id":68954,"date":"2006-11-21T14:56:29","date_gmt":"2006-11-21T13:56:29","guid":{"rendered":"https:\/\/mediarun.com\/index.php\/news-posts\/jetix-kids-awards-bez-tokio-hotel\/"},"modified":"2006-11-21T14:56:29","modified_gmt":"2006-11-21T13:56:29","slug":"jetix-kids-awards-bez-tokio-hotel","status":"publish","type":"post","link":"https:\/\/mediarun.com\/pl\/media\/tv\/jetix-kids-awards-bez-tokio-hotel.html","title":{"rendered":"Jetix Kids Awards bez Tokio Hotel"},"content":{"rendered":"<p>Gala Jetix Kids Awards 2006, kt\u00f3r\u0105 poprowadz\u0105 Agnieszka W\u0142odarczyk i Maciej Dowbor, odb\u0119dzie si\u0119 w \u015brod\u0119 w sto\u0142ecznym Teatrze Polskim. Na imprezie pojawi\u0105 si\u0119 polscy arty\u015bci, tacy jak: Blog 27, Virgin, Gosia Andrzejewicz i Blue Cale. Nie zabraknie te\u017c zespo\u0142\u00f3w zagranicznych &#8211; Killerpilze i US5. Nagrody zostan\u0105 przyznane w dziesi\u0119ciu kategoriach, m.in. ulubiony aktor\/aktorka, polski artysta muzyczny czy bohater telewizji Jetix.<\/p>\n<p>Retransmisj\u0119 z gali nada 26 listopada o godzinie 14.30 Telewizja Polsat.<\/p>\n","protected":false},"excerpt":{"rendered":"Na \u015brodowej gali Jetix Kids Awards nie wyst\u0105pi niemiecki zesp\u00f3\u0142 Tokio Hotel, kt\u00f3ry w ostatniej chwili odwo\u0142a\u0142 sw\u00f3j wyst\u0119p na imprezie. &#8211; Jeste\u015bmy zaskoczeni zaistnia\u0142\u0105 sytuacj\u0105 &#8211; przyznaje Jan Kubiki, dyrektor generalny Universal Music Polska.","protected":false},"author":1,"featured_media":68955,"comment_status":"open","ping_status":"closed","sticky":false,"template":"","format":"standard","meta":{"csco_display_header_overlay":false,"csco_singular_sidebar":"","csco_page_header_type":"","csco_page_load_nextpost":"","csco_post_video_location":[],"csco_post_video_location_hash":"","csco_post_video_url":"","csco_post_video_bg_start_time":0,"csco_post_video_bg_end_time":0,"footnotes":""},"categories":[9670],"tags":[],"class_list":{"0":"post-68954","1":"post","2":"type-post","3":"status-publish","4":"format-standard","5":"has-post-thumbnail","7":"category-tv","8":"cs-entry","9":"cs-video-wrap"},"_links":{"self":[{"href":"https:\/\/mediarun.com\/pl\/wp-json\/wp\/v2\/posts\/68954","targetHints":{"allow":["GET"]}}],"collection":[{"href":"https:\/\/mediarun.com\/pl\/wp-json\/wp\/v2\/posts"}],"about":[{"href":"https:\/\/mediarun.com\/pl\/wp-json\/wp\/v2\/types\/post"}],"author":[{"embeddable":true,"href":"https:\/\/mediarun.com\/pl\/wp-json\/wp\/v2\/users\/1"}],"replies":[{"embeddable":true,"href":"https:\/\/mediarun.com\/pl\/wp-json\/wp\/v2\/comments?post=68954"}],"version-history":[{"count":0,"href":"https:\/\/mediarun.com\/pl\/wp-json\/wp\/v2\/posts\/68954\/revisions"}],"wp:featuredmedia":[{"embeddable":true,"href":"https:\/\/mediarun.com\/pl\/wp-json\/wp\/v2\/media\/68955"}],"wp:attachment":[{"href":"https:\/\/mediarun.com\/pl\/wp-json\/wp\/v2\/media?parent=68954"}],"wp:term":[{"taxonomy":"category","embeddable":true,"href":"https:\/\/mediarun.com\/pl\/wp-json\/wp\/v2\/categories?post=68954"},{"taxonomy":"post_tag","embeddable":true,"href":"https:\/\/mediarun.com\/pl\/wp-json\/wp\/v2\/tags?post=68954"}],"curies":[{"name":"wp","href":"https:\/\/api.w.org\/{rel}","templated":true}]}}