{"id":68952,"date":"2006-11-21T18:06:54","date_gmt":"2006-11-21T17:06:54","guid":{"rendered":"https:\/\/mediarun.com\/index.php\/news-posts\/zmiany-w-redakcji-faktow-tvn\/"},"modified":"2006-11-21T18:06:54","modified_gmt":"2006-11-21T17:06:54","slug":"zmiany-w-redakcji-faktow-tvn","status":"publish","type":"post","link":"https:\/\/mediarun.com\/pl\/media\/tv\/zmiany-w-redakcji-faktow-tvn.html","title":{"rendered":"Zmiany w redakcji Fakt\u00f3w TVN"},"content":{"rendered":"<p>&#8211; Powo\u0142anie redakcji w Katowicach jest ca\u0142kowicie naturalnym ruchem, kt\u00f3ry ma zapewni\u0107 naszym widzom dok\u0142adne, rzetelne i pe\u0142ne informacje z tak wa\u017cnego regionu jakim jest \u015al\u0105sk. &#8211; wyja\u015bnia Kamil Durczok, szef Fakt\u00f3w TVN, pytany przez nas o powody zatrudnienia dziennikarza w Katowicach.<\/p>\n<p>Dariusz Kmiecik od marca 2002 roku do pa\u017adziernika br. pracowa\u0142 w redakcji &#8216;Aktualno\u015bci&#8217; TVP3 Katowice. Zajmowa\u0142 si\u0119 tam g\u0142\u00f3wnie tematyk\u0105 gospodarcz\u0105 i zwi\u0105zan\u0105 z integracj\u0105 europejsk\u0105.<\/p>\n<p>Ze szczeci\u0144skim oddzia\u0142em Fakt\u00f3w TVN po\u017cegna\u0142 si\u0119 natomiast wieloletni reporter dziennika Mariusz Pietrasik. Na jego miejsce pojawi si\u0119 nowy dziennikarz, ale nie wiadomo jeszcze kiedy. Z kolei z nieoficjalnych \u017ar\u00f3de\u0142 dowiedzieli\u015bmy si\u0119, \u017ce ze szczeci\u0144skiej redakcji odesz\u0142a tak\u017ce reporterka TVN24 Magdalena Stankiewicz.<\/p>\n","protected":false},"excerpt":{"rendered":"Dariusz Kmiecik zosta\u0142 reporterem Fakt\u00f3w TVN w Katowicach. Dotychczas w stolicy \u015al\u0105ska program informacyjny TVN nie mia\u0142 swojej dziennikarza, a wydarzenia dziej\u0105ce si\u0119 na w tym regionie obs\u0142ugiwali krakowscy reporterzy &#8211; Renata Kijowska i Piotr \u015awierczek. Zmiany tak\u017ce w szczeci\u0144skiej redakcji Fakt\u00f3w, z kt\u00f3r\u0105 po\u017cegna\u0142 si\u0119 Mariusz Pietrasik.","protected":false},"author":1,"featured_media":68953,"comment_status":"open","ping_status":"closed","sticky":false,"template":"","format":"standard","meta":{"csco_display_header_overlay":false,"csco_singular_sidebar":"","csco_page_header_type":"","csco_page_load_nextpost":"","csco_post_video_location":[],"csco_post_video_location_hash":"","csco_post_video_url":"","csco_post_video_bg_start_time":0,"csco_post_video_bg_end_time":0,"footnotes":""},"categories":[9670],"tags":[],"class_list":{"0":"post-68952","1":"post","2":"type-post","3":"status-publish","4":"format-standard","5":"has-post-thumbnail","7":"category-tv","8":"cs-entry","9":"cs-video-wrap"},"_links":{"self":[{"href":"https:\/\/mediarun.com\/pl\/wp-json\/wp\/v2\/posts\/68952","targetHints":{"allow":["GET"]}}],"collection":[{"href":"https:\/\/mediarun.com\/pl\/wp-json\/wp\/v2\/posts"}],"about":[{"href":"https:\/\/mediarun.com\/pl\/wp-json\/wp\/v2\/types\/post"}],"author":[{"embeddable":true,"href":"https:\/\/mediarun.com\/pl\/wp-json\/wp\/v2\/users\/1"}],"replies":[{"embeddable":true,"href":"https:\/\/mediarun.com\/pl\/wp-json\/wp\/v2\/comments?post=68952"}],"version-history":[{"count":0,"href":"https:\/\/mediarun.com\/pl\/wp-json\/wp\/v2\/posts\/68952\/revisions"}],"wp:featuredmedia":[{"embeddable":true,"href":"https:\/\/mediarun.com\/pl\/wp-json\/wp\/v2\/media\/68953"}],"wp:attachment":[{"href":"https:\/\/mediarun.com\/pl\/wp-json\/wp\/v2\/media?parent=68952"}],"wp:term":[{"taxonomy":"category","embeddable":true,"href":"https:\/\/mediarun.com\/pl\/wp-json\/wp\/v2\/categories?post=68952"},{"taxonomy":"post_tag","embeddable":true,"href":"https:\/\/mediarun.com\/pl\/wp-json\/wp\/v2\/tags?post=68952"}],"curies":[{"name":"wp","href":"https:\/\/api.w.org\/{rel}","templated":true}]}}