{"id":68878,"date":"2006-11-23T00:01:00","date_gmt":"2006-11-22T23:01:00","guid":{"rendered":"https:\/\/mediarun.com\/index.php\/news-posts\/krrit-nie-przedluzyla-koncesji-tv4\/"},"modified":"2006-11-23T00:01:00","modified_gmt":"2006-11-22T23:01:00","slug":"krrit-nie-przedluzyla-koncesji-tv4","status":"publish","type":"post","link":"https:\/\/mediarun.com\/pl\/media\/tv\/krrit-nie-przedluzyla-koncesji-tv4.html","title":{"rendered":"KRRiT nie przed\u0142u\u017cy\u0142a koncesji TV4"},"content":{"rendered":"<p><P>Rada podj\u0119\u0142a natomiast uchwa\u0142\u0119 o przyznaniu koncesji dla kana\u0142u tematycznego TVP Historia.<\/P><br \/>\n<P>Decyzja w sprawie przed\u0142u\u017cenia koncesji dla TV4 odwleka si\u0119 od kilku miesi\u0119cy, a KRRiT zamawia kolejne ekspertyzy prawne, kt\u00f3re maj\u0105 pom\u00f3c w rozstrzygni\u0119ciu, czy Rada mo\u017ce przed\u0142u\u017cy\u0107 sp\u00f3\u0142ce Polskie Media (nadawca TV4) koncesj\u0119 na kolejne dwa lata.<\/P><br \/>\n<P>Problem polega na tym, \u017ce zgodnie z now\u0105 ustaw\u0105 o radiofonii i telewizji, Polskie Media powinny z\u0142o\u017cy\u0107 wniosek o przed\u0142u\u017cenie koncesji najp\u00f3\u017aniej na rok przed up\u0142ywem obecnej koncesji, kt\u00f3ra obowi\u0105zuje do 19 marca 2007 r. Polskie Media nie zrobi\u0142y tego w tym terminie. Sp\u00f3\u0142ka t\u0142umaczy jednak, \u017ce jeszcze do 19 marca z ustawy medialnej wynika\u0142o, i\u017c roczne wyprzedzenie dotyczy jedynie nadawc\u00f3w spo\u0142ecznych.<\/P><br \/>\n<P>Sytuacja zmieni\u0142a si\u0119 dopiero, gdy Trybuna\u0142 Konstytucyjny w opublikowanym 29 marca wyroku stwierdzi\u0142, \u017ce roczne wyprzedzenie w sprawie wniosk\u00f3w o przed\u0142u\u017cenie koncesji dotyczy tak\u017ce nadawc\u00f3w komercyjnych. Wyrok Trybuna\u0142u opublikowano jednak dopiero 10 dni po 19 marca, czyli po terminie, do kt\u00f3rego nale\u017ca\u0142oby z\u0142o\u017cy\u0107 wniosek o wyd\u0142u\u017cenie koncesji.<\/P><br \/>\n<P>Powsta\u0142e w tej sytuacji w\u0105tpliwo\u015bci maj\u0105 pom\u00f3c rozwia\u0107 zam\u00f3wione przez KRRiT ekspertyzy prawne. Je\u015bli Rada nie zdecyduje si\u0119 przed\u0142u\u017cy\u0107 koncesji TV4 na zajmowane przez ni\u0105 cz\u0119stotliwo\u015bci, rozpisany zostanie konkurs.<\/P><\/p>\n","protected":false},"excerpt":{"rendered":"Krajowa Rada Radiofonii i Telewizji nie zdecydowa\u0142a w \u015brod\u0119, czy przed\u0142u\u017cy\u0107 koncesj\u0119 dla TV4.","protected":false},"author":1,"featured_media":68879,"comment_status":"open","ping_status":"closed","sticky":false,"template":"","format":"standard","meta":{"csco_display_header_overlay":false,"csco_singular_sidebar":"","csco_page_header_type":"","csco_page_load_nextpost":"","csco_post_video_location":[],"csco_post_video_location_hash":"","csco_post_video_url":"","csco_post_video_bg_start_time":0,"csco_post_video_bg_end_time":0,"footnotes":""},"categories":[9670],"tags":[],"class_list":{"0":"post-68878","1":"post","2":"type-post","3":"status-publish","4":"format-standard","5":"has-post-thumbnail","7":"category-tv","8":"cs-entry","9":"cs-video-wrap"},"_links":{"self":[{"href":"https:\/\/mediarun.com\/pl\/wp-json\/wp\/v2\/posts\/68878","targetHints":{"allow":["GET"]}}],"collection":[{"href":"https:\/\/mediarun.com\/pl\/wp-json\/wp\/v2\/posts"}],"about":[{"href":"https:\/\/mediarun.com\/pl\/wp-json\/wp\/v2\/types\/post"}],"author":[{"embeddable":true,"href":"https:\/\/mediarun.com\/pl\/wp-json\/wp\/v2\/users\/1"}],"replies":[{"embeddable":true,"href":"https:\/\/mediarun.com\/pl\/wp-json\/wp\/v2\/comments?post=68878"}],"version-history":[{"count":0,"href":"https:\/\/mediarun.com\/pl\/wp-json\/wp\/v2\/posts\/68878\/revisions"}],"wp:featuredmedia":[{"embeddable":true,"href":"https:\/\/mediarun.com\/pl\/wp-json\/wp\/v2\/media\/68879"}],"wp:attachment":[{"href":"https:\/\/mediarun.com\/pl\/wp-json\/wp\/v2\/media?parent=68878"}],"wp:term":[{"taxonomy":"category","embeddable":true,"href":"https:\/\/mediarun.com\/pl\/wp-json\/wp\/v2\/categories?post=68878"},{"taxonomy":"post_tag","embeddable":true,"href":"https:\/\/mediarun.com\/pl\/wp-json\/wp\/v2\/tags?post=68878"}],"curies":[{"name":"wp","href":"https:\/\/api.w.org\/{rel}","templated":true}]}}