{"id":68786,"date":"2006-11-24T19:35:19","date_gmt":"2006-11-24T18:35:19","guid":{"rendered":"https:\/\/mediarun.com\/index.php\/news-posts\/wieczory-wyborcze-w-radiu-i-tv\/"},"modified":"2006-11-24T19:35:19","modified_gmt":"2006-11-24T18:35:19","slug":"wieczory-wyborcze-w-radiu-i-tv","status":"publish","type":"post","link":"https:\/\/mediarun.com\/pl\/media\/tv\/wieczory-wyborcze-w-radiu-i-tv.html","title":{"rendered":"Wieczory wyborcze w radiu i tv"},"content":{"rendered":"<p><B>TVP<\/B><\/p>\n<p>Wiecz\u00f3r wyborczy w TVP1 rozpocznie si\u0119 o godz. 19.58, a jego pierwsza cz\u0119\u015b\u0107 na antenie Jedynki potrwa godzin\u0119. O godz. 21.00 program przeniesie si\u0119 do TVP3 i zako\u0144czy si\u0119 o godz. 21.45. Gospodarzami wieczoru wyborczego b\u0119d\u0105 Dorota Gawryluk z TVP i Micha\u0142 Karnowski z Dziennika.<\/p>\n<p>Go\u015b\u0107mi programu b\u0119d\u0105 publicy\u015bci, politolodzy i politycy. W\u015br\u00f3d nich pojawi\u0105 si\u0119 m.in. premier Jaros\u0142aw Kaczy\u0144ski i przewodnicz\u0105cy Platformy Obywatelskiej Donald Tusk. <\/p>\n<p>W trakcie programu zostan\u0105 zaprezentowane sonda\u017cowe wyniki wybor\u00f3w. Planowane s\u0105 \u0142\u0105czenia ze sztabami wyborczymi niekt\u00f3rych kandydat\u00f3w i o\u015brodkami w terenie, z kt\u00f3rych dziennikarze relacjonowa\u0107 b\u0119d\u0105 przybli\u017cone wyniki wybor\u00f3w. <\/p>\n<p><B>TVN24<\/B><\/p>\n<p>Wiecz\u00f3r wyborczy w TVN24 rozpocznie si\u0119 o godz. 19.55. Program poprowadz\u0105 dziennikarze stacji &#8211; Justyna Pochanke i \u0141ukasz Grasz.<\/p>\n<p>W programie zaprezentowane zostan\u0105 sonda\u017cowe wyniki wybor\u00f3w. W trakcie wieczoru wyborczego nie zabraknie komentarzy m.in. polityk\u00f3w i publicyst\u00f3w.<\/p>\n<p><B>Polskie Radio<\/B><\/p>\n<p>W najbli\u017csz\u0105 niedziel\u0119 wiecz\u00f3r wyborczy zorganizuj\u0105 dwie anteny Polskiego Radia &#8211; Jedynka i Trojka (stacja nie robi\u0142a specjalnego programu po pierwszej turze).<\/p>\n<p>Program wyborczy w Jedynce rozpocznie si\u0119 po godz. 20.00 i poprowadzi je Krzysztof Grzesiowski. W studiu rozg\u0142o\u015bni wyniki wybor\u00f3w skomentuj\u0105 politolodzy, socjolodzy, publicy\u015bci i dziennikarze m.in.: Maciej \u0141\u0119towski (IAR), Pawe\u0142 Wro\u0144ski (Gazeta Wyborcza) i dr Tomasz \u017bukowski. <\/p>\n<p>Dziennikarze Jedynki b\u0119d\u0105 na bie\u017c\u0105co relacjonowa\u0107 wydarzenia i emocje panuj\u0105ce w sztabach wyborczych. Nie zabraknie r\u00f3wnie\u017c korespondencji z kraju: z \u0141odzi, Szczecina, Lublina i Poznania. <\/p>\n<p>Beata Michniewicz i Robert Kantereit poprowadz\u0105 wiecz\u00f3r wyborczy w radiowej Tr\u00f3jce, kt\u00f3ry emitowany b\u0119dzie mi\u0119dzy godz. 20.00, a 22.00. Go\u015b\u0107mi prowadz\u0105cych b\u0119d\u0105 politycy, socjologowie i komentatorzy. W programie pojawi\u0105 si\u0119 m.in. relacje z sztab\u00f3w wyborczych oraz \u0142\u0105czenia z regionami.<\/p>\n<p><B>Tok FM<\/B><\/p>\n<p>Wiecz\u00f3r wyborczy w Radiu Tok FM, kt\u00f3ry poprowadz\u0105 Marek Tejchman i Marcin Graczyk, rozpocznie si\u0119 o godz. 20.00 i potrwa blisko dwie godziny.<\/p>\n<p>Po zamkni\u0119ciu lokali wyborczych rozg\u0142o\u015bnia poda pierwsze, wst\u0119pne wyniki wybor\u00f3w. Skomentuj\u0105 je eksperci i publicy\u015bci m. in. politolog dr Wojciech Jab\u0142o\u0144ski i Andrzej Stankiewicz z Rzeczpospolitej. Reporterzy Tok FM z ca\u0142ej Polski zrelacjonuj\u0105 przebieg g\u0142osowania i przedstawi\u0105 sylwetki zwyci\u0119zc\u00f3w. W programie nie zabraknie r\u00f3wnie\u017c rozm\u00f3w z samymi wygranymi. <\/p>\n","protected":false},"excerpt":{"rendered":"TVP, TVN24, Polskie Radio i Radio Tok FM zorganizuj\u0105 w najbli\u017csz\u0105 niedziel\u0119 wieczory wyborcze po\u015bwi\u0119cone drugiej turze wybor\u00f3w samorz\u0105dowych. S\u0142uchacze i widzowie tu\u017c po zamkni\u0119ciu lokali wyborczych poznaj\u0105 pierwsze sonda\u017cowe wyniki, kt\u00f3re skomentuj\u0105 zaproszeni politycy, publicy\u015bci i eksperci.","protected":false},"author":1,"featured_media":0,"comment_status":"open","ping_status":"closed","sticky":false,"template":"","format":"standard","meta":{"csco_display_header_overlay":false,"csco_singular_sidebar":"","csco_page_header_type":"","csco_page_load_nextpost":"","csco_post_video_location":[],"csco_post_video_location_hash":"","csco_post_video_url":"","csco_post_video_bg_start_time":0,"csco_post_video_bg_end_time":0,"footnotes":""},"categories":[9670],"tags":[],"class_list":{"0":"post-68786","1":"post","2":"type-post","3":"status-publish","4":"format-standard","6":"category-tv","7":"cs-entry","8":"cs-video-wrap"},"_links":{"self":[{"href":"https:\/\/mediarun.com\/pl\/wp-json\/wp\/v2\/posts\/68786","targetHints":{"allow":["GET"]}}],"collection":[{"href":"https:\/\/mediarun.com\/pl\/wp-json\/wp\/v2\/posts"}],"about":[{"href":"https:\/\/mediarun.com\/pl\/wp-json\/wp\/v2\/types\/post"}],"author":[{"embeddable":true,"href":"https:\/\/mediarun.com\/pl\/wp-json\/wp\/v2\/users\/1"}],"replies":[{"embeddable":true,"href":"https:\/\/mediarun.com\/pl\/wp-json\/wp\/v2\/comments?post=68786"}],"version-history":[{"count":0,"href":"https:\/\/mediarun.com\/pl\/wp-json\/wp\/v2\/posts\/68786\/revisions"}],"wp:attachment":[{"href":"https:\/\/mediarun.com\/pl\/wp-json\/wp\/v2\/media?parent=68786"}],"wp:term":[{"taxonomy":"category","embeddable":true,"href":"https:\/\/mediarun.com\/pl\/wp-json\/wp\/v2\/categories?post=68786"},{"taxonomy":"post_tag","embeddable":true,"href":"https:\/\/mediarun.com\/pl\/wp-json\/wp\/v2\/tags?post=68786"}],"curies":[{"name":"wp","href":"https:\/\/api.w.org\/{rel}","templated":true}]}}