{"id":68268,"date":"2006-12-07T00:01:00","date_gmt":"2006-12-06T23:01:00","guid":{"rendered":"https:\/\/mediarun.com\/index.php\/news-posts\/radio-eska-zmienia-logo\/"},"modified":"2006-12-07T00:01:00","modified_gmt":"2006-12-06T23:01:00","slug":"radio-eska-zmienia-logo","status":"publish","type":"post","link":"https:\/\/mediarun.com\/pl\/media\/radio\/radio-eska-zmienia-logo.html","title":{"rendered":"Radio Eska zmienia logo"},"content":{"rendered":"<p><P>&#8211; Wprowadzenie nowego logotypu rozpoczyna proces wzmacniania wizerunku Radia Eska jako stacji nowoczesnej, dynamicznej i kreuj\u0105cej trendy w\u015br\u00f3d s\u0142uchaczy&nbsp;&#8211; wyja\u015bnia Leszek Kozio\u0142, prezes Radia Eska.<\/P><br \/>\n<P>Autorem nowego logotypu jest IQ Marketing. Projekt zosta\u0142 wy\u0142oniony w drodze przetargu przeprowadzonego w\u015br\u00f3d siedmiu agencji reklamowych.<\/P><br \/>\n<P>W internecie udost\u0119pniono r\u00f3wnie\u017c nowy serwis <A href=\"http:\/\/www.eska.pl\">www.eska.pl<\/A>. <\/P><\/p>\n","protected":false},"excerpt":{"rendered":"6 grudnia Radio Eska rozpoczyna proces wprowadzania nowego logotypu i zmiany systemu identyfikacji wizualnej.","protected":false},"author":1,"featured_media":68269,"comment_status":"open","ping_status":"closed","sticky":false,"template":"","format":"standard","meta":{"csco_display_header_overlay":false,"csco_singular_sidebar":"","csco_page_header_type":"","csco_page_load_nextpost":"","csco_post_video_location":[],"csco_post_video_location_hash":"","csco_post_video_url":"","csco_post_video_bg_start_time":0,"csco_post_video_bg_end_time":0,"footnotes":""},"categories":[9672],"tags":[],"class_list":{"0":"post-68268","1":"post","2":"type-post","3":"status-publish","4":"format-standard","5":"has-post-thumbnail","7":"category-radio","8":"cs-entry","9":"cs-video-wrap"},"_links":{"self":[{"href":"https:\/\/mediarun.com\/pl\/wp-json\/wp\/v2\/posts\/68268","targetHints":{"allow":["GET"]}}],"collection":[{"href":"https:\/\/mediarun.com\/pl\/wp-json\/wp\/v2\/posts"}],"about":[{"href":"https:\/\/mediarun.com\/pl\/wp-json\/wp\/v2\/types\/post"}],"author":[{"embeddable":true,"href":"https:\/\/mediarun.com\/pl\/wp-json\/wp\/v2\/users\/1"}],"replies":[{"embeddable":true,"href":"https:\/\/mediarun.com\/pl\/wp-json\/wp\/v2\/comments?post=68268"}],"version-history":[{"count":0,"href":"https:\/\/mediarun.com\/pl\/wp-json\/wp\/v2\/posts\/68268\/revisions"}],"wp:featuredmedia":[{"embeddable":true,"href":"https:\/\/mediarun.com\/pl\/wp-json\/wp\/v2\/media\/68269"}],"wp:attachment":[{"href":"https:\/\/mediarun.com\/pl\/wp-json\/wp\/v2\/media?parent=68268"}],"wp:term":[{"taxonomy":"category","embeddable":true,"href":"https:\/\/mediarun.com\/pl\/wp-json\/wp\/v2\/categories?post=68268"},{"taxonomy":"post_tag","embeddable":true,"href":"https:\/\/mediarun.com\/pl\/wp-json\/wp\/v2\/tags?post=68268"}],"curies":[{"name":"wp","href":"https:\/\/api.w.org\/{rel}","templated":true}]}}