{"id":68227,"date":"2006-12-07T11:20:23","date_gmt":"2006-12-07T10:20:23","guid":{"rendered":"https:\/\/mediarun.com\/index.php\/news-posts\/orkla-przemianowana-na-media-regionalne\/"},"modified":"2006-12-07T11:20:23","modified_gmt":"2006-12-07T10:20:23","slug":"orkla-przemianowana-na-media-regionalne","status":"publish","type":"post","link":"https:\/\/mediarun.com\/pl\/media\/prasa\/orkla-przemianowana-na-media-regionalne.html","title":{"rendered":"Orkla przemianowana na Media Regionalne"},"content":{"rendered":"<p>&#8211; Nazwa ta podkre\u015bla, \u017ce podstawow\u0105 warto\u015bci\u0105, wok\u00f3\u0142 kt\u00f3rej budowane s\u0105 nasze marki, jest lokalno\u015b\u0107 i bliska wi\u0119\u017a z czytelnikiem &#8211; m\u00f3wi prezes Medi\u00f3w Regionalnych, Joanna Pilcicka. &#8211; W nowej nazwie zawarta jest tak\u017ce informacja, \u017ce firma od d\u0142u\u017cszego czasu rozszerza swoj\u0105 dzia\u0142alno\u015b\u0107, realizuj\u0105c w regionach ide\u0119 Media House. Oznacza to, \u017ce grupa wzbogaca swoj\u0105 dotychczasow\u0105 ofert\u0119 o inne media: pras\u0119 bezp\u0142atn\u0105, regionalne portale internetowe, lokalne rozg\u0142o\u015bnie radiowe czy agencje reklamowe &#8211; dodaje.<\/p>\n<p>Sp\u00f3\u0142ka Media Regionalne wydaje w Polsce 12 tytu\u0142\u00f3w regionalnych. Jest r\u00f3wnie\u017c w\u0142a\u015bcicielem 4 lokalnych rozg\u0142o\u015bni radiowych, 6 drukarni, agencji reklamowej &#8222;Gra&#8221; oraz dw\u00f3ch bezp\u0142atnych tygodnik\u00f3w lokalnych.<\/p>\n<p>Grupa funkcjonuj\u0105ca pod nazw\u0105 Media Regionalne nale\u017cy do struktury Mecom Europe, kt\u00f3r\u0105 po sfinalizowaniu transakcji sprzeda\u017cy aktyw\u00f3w Orkla Media w pa\u017adzierniku 2006 r., tworz\u0105 cztery jednostki: Dania, Norwegia, Holandia oraz Europa \u015arodkowa i Wschodnia. <\/p>\n","protected":false},"excerpt":{"rendered":"Media Regionalne to nowa nazwa sp\u00f3\u0142ki Orkla Press Polska, wydaj\u0105cej w naszym kraju m.in. dzienniki regionalne. Zmiana nazwy zwi\u0105zana jest z przej\u0119ciem koncernu prasowego Orkla Media przez fundusz inwestycyjny Mecom.","protected":false},"author":1,"featured_media":0,"comment_status":"open","ping_status":"closed","sticky":false,"template":"","format":"standard","meta":{"csco_display_header_overlay":false,"csco_singular_sidebar":"","csco_page_header_type":"","csco_page_load_nextpost":"","csco_post_video_location":[],"csco_post_video_location_hash":"","csco_post_video_url":"","csco_post_video_bg_start_time":0,"csco_post_video_bg_end_time":0,"footnotes":""},"categories":[9673],"tags":[],"class_list":{"0":"post-68227","1":"post","2":"type-post","3":"status-publish","4":"format-standard","6":"category-prasa","7":"cs-entry","8":"cs-video-wrap"},"_links":{"self":[{"href":"https:\/\/mediarun.com\/pl\/wp-json\/wp\/v2\/posts\/68227","targetHints":{"allow":["GET"]}}],"collection":[{"href":"https:\/\/mediarun.com\/pl\/wp-json\/wp\/v2\/posts"}],"about":[{"href":"https:\/\/mediarun.com\/pl\/wp-json\/wp\/v2\/types\/post"}],"author":[{"embeddable":true,"href":"https:\/\/mediarun.com\/pl\/wp-json\/wp\/v2\/users\/1"}],"replies":[{"embeddable":true,"href":"https:\/\/mediarun.com\/pl\/wp-json\/wp\/v2\/comments?post=68227"}],"version-history":[{"count":0,"href":"https:\/\/mediarun.com\/pl\/wp-json\/wp\/v2\/posts\/68227\/revisions"}],"wp:attachment":[{"href":"https:\/\/mediarun.com\/pl\/wp-json\/wp\/v2\/media?parent=68227"}],"wp:term":[{"taxonomy":"category","embeddable":true,"href":"https:\/\/mediarun.com\/pl\/wp-json\/wp\/v2\/categories?post=68227"},{"taxonomy":"post_tag","embeddable":true,"href":"https:\/\/mediarun.com\/pl\/wp-json\/wp\/v2\/tags?post=68227"}],"curies":[{"name":"wp","href":"https:\/\/api.w.org\/{rel}","templated":true}]}}