{"id":68143,"date":"2006-12-11T06:00:00","date_gmt":"2006-12-11T05:00:00","guid":{"rendered":"https:\/\/mediarun.com\/index.php\/news-posts\/polskie-radio-bez-zespolow-producenckich\/"},"modified":"2006-12-11T06:00:00","modified_gmt":"2006-12-11T05:00:00","slug":"polskie-radio-bez-zespolow-producenckich","status":"publish","type":"post","link":"https:\/\/mediarun.com\/pl\/media\/radio\/polskie-radio-bez-zespolow-producenckich.html","title":{"rendered":"Polskie Radio: bez zespo\u0142\u00f3w producenckich"},"content":{"rendered":"<p><P>dw\u00f3ch pion\u00f3w: programowego i korporacyjnego &#8211; zak\u0142ada zatwierdzona w sobot\u0119 przez Rad\u0119 Nadzorcz\u0105 Polskiego Radia nowa struktura organizacyjna sp\u00f3\u0142ki. <\/P><br \/>\n<P>Jak poinformowa\u0142 PAP rzecznik prasowy Polskiego Radia Tadeusz Fredro-Boniecki, zmiana ta ma na celu przede wszystkim zmniejszenie koszt\u00f3w dzia\u0142alno\u015bci Polskiego Radia, oznacza te\u017c pocz\u0105tek restrukturyzacji sp\u00f3\u0142ki. <\/P><br \/>\n<P>&#8211; G\u0142\u00f3wnym celem reformy jest stworzenie lepszych warunk\u00f3w do realizacji przez Polskie Radio powierzonej mu misji, a wi\u0119c dostarczania s\u0142uchaczom bie\u017c\u0105cej, bezstronnej informacji o wydarzeniach w kraju i na \u015bwiecie, promocji kultury, edukacji oraz konsolidacji spo\u0142ecznej wobec wsp\u00f3lnych interes\u00f3w pa\u0144stwa &#8211; napisa\u0142 Fredro-Boniecki w przekazanym PAP komunikacie. <\/P><\/p>\n","protected":false},"excerpt":{"rendered":"Likwidacja zespo\u0142\u00f3w producenckich i powr\u00f3t dziennikarzy do poszczeg\u00f3lnych anten, a tak\u017ce utworzenie&#8230;","protected":false},"author":1,"featured_media":68144,"comment_status":"open","ping_status":"closed","sticky":false,"template":"","format":"standard","meta":{"csco_display_header_overlay":false,"csco_singular_sidebar":"","csco_page_header_type":"","csco_page_load_nextpost":"","csco_post_video_location":[],"csco_post_video_location_hash":"","csco_post_video_url":"","csco_post_video_bg_start_time":0,"csco_post_video_bg_end_time":0,"footnotes":""},"categories":[9672],"tags":[],"class_list":{"0":"post-68143","1":"post","2":"type-post","3":"status-publish","4":"format-standard","5":"has-post-thumbnail","7":"category-radio","8":"cs-entry","9":"cs-video-wrap"},"_links":{"self":[{"href":"https:\/\/mediarun.com\/pl\/wp-json\/wp\/v2\/posts\/68143","targetHints":{"allow":["GET"]}}],"collection":[{"href":"https:\/\/mediarun.com\/pl\/wp-json\/wp\/v2\/posts"}],"about":[{"href":"https:\/\/mediarun.com\/pl\/wp-json\/wp\/v2\/types\/post"}],"author":[{"embeddable":true,"href":"https:\/\/mediarun.com\/pl\/wp-json\/wp\/v2\/users\/1"}],"replies":[{"embeddable":true,"href":"https:\/\/mediarun.com\/pl\/wp-json\/wp\/v2\/comments?post=68143"}],"version-history":[{"count":0,"href":"https:\/\/mediarun.com\/pl\/wp-json\/wp\/v2\/posts\/68143\/revisions"}],"wp:featuredmedia":[{"embeddable":true,"href":"https:\/\/mediarun.com\/pl\/wp-json\/wp\/v2\/media\/68144"}],"wp:attachment":[{"href":"https:\/\/mediarun.com\/pl\/wp-json\/wp\/v2\/media?parent=68143"}],"wp:term":[{"taxonomy":"category","embeddable":true,"href":"https:\/\/mediarun.com\/pl\/wp-json\/wp\/v2\/categories?post=68143"},{"taxonomy":"post_tag","embeddable":true,"href":"https:\/\/mediarun.com\/pl\/wp-json\/wp\/v2\/tags?post=68143"}],"curies":[{"name":"wp","href":"https:\/\/api.w.org\/{rel}","templated":true}]}}