{"id":68063,"date":"2006-12-12T00:01:00","date_gmt":"2006-12-11T23:01:00","guid":{"rendered":"https:\/\/mediarun.com\/index.php\/news-posts\/zmiany-i-awanse-w-saatchi-saatchi\/"},"modified":"2006-12-12T00:01:00","modified_gmt":"2006-12-11T23:01:00","slug":"zmiany-i-awanse-w-saatchi-saatchi","status":"publish","type":"post","link":"https:\/\/mediarun.com\/pl\/ludzie\/awanse\/zmiany-i-awanse-w-saatchi-saatchi.html","title":{"rendered":"Zmiany i awanse w Saatchi &amp; Saatchi"},"content":{"rendered":"<p><P>awansowa\u0142 na stanowisko szefa kreacji.<\/P><br \/>\n<P>Olech zwi\u0105zany jest z agencj\u0105 od 13 lat. Obecny dyrektor kreatywny Jason Romeyko, po\u015bwi\u0119ci si\u0119 teraz kierowaniem projektami Saatchi &amp; Saatchi dla Europy \u015arodkowej i Wschodniej. <\/P><br \/>\n<P>Pracuj\u0105ca w agencji od 14 lat Agnieszka Niska, nie zmieni swojego dotychczasowego stanowiska deputy creative directora, jednak zwi\u0119kszy si\u0119 zakres jej&nbsp;obowi\u0105zk\u00f3w. <\/P><\/p>\n","protected":false},"excerpt":{"rendered":"Max Olech, pe\u0142ni\u0105cy dotychczas obowi\u0105zki deputy creative directora w agencji Saatchi &amp; Saatchi&#8230;","protected":false},"author":1,"featured_media":68064,"comment_status":"open","ping_status":"closed","sticky":false,"template":"","format":"standard","meta":{"csco_display_header_overlay":false,"csco_singular_sidebar":"","csco_page_header_type":"","csco_page_load_nextpost":"","csco_post_video_location":[],"csco_post_video_location_hash":"","csco_post_video_url":"","csco_post_video_bg_start_time":0,"csco_post_video_bg_end_time":0,"footnotes":""},"categories":[9678],"tags":[3122],"class_list":{"0":"post-68063","1":"post","2":"type-post","3":"status-publish","4":"format-standard","5":"has-post-thumbnail","7":"category-awanse","8":"tag-dyrektor-kreatywny","9":"cs-entry","10":"cs-video-wrap"},"_links":{"self":[{"href":"https:\/\/mediarun.com\/pl\/wp-json\/wp\/v2\/posts\/68063","targetHints":{"allow":["GET"]}}],"collection":[{"href":"https:\/\/mediarun.com\/pl\/wp-json\/wp\/v2\/posts"}],"about":[{"href":"https:\/\/mediarun.com\/pl\/wp-json\/wp\/v2\/types\/post"}],"author":[{"embeddable":true,"href":"https:\/\/mediarun.com\/pl\/wp-json\/wp\/v2\/users\/1"}],"replies":[{"embeddable":true,"href":"https:\/\/mediarun.com\/pl\/wp-json\/wp\/v2\/comments?post=68063"}],"version-history":[{"count":0,"href":"https:\/\/mediarun.com\/pl\/wp-json\/wp\/v2\/posts\/68063\/revisions"}],"wp:featuredmedia":[{"embeddable":true,"href":"https:\/\/mediarun.com\/pl\/wp-json\/wp\/v2\/media\/68064"}],"wp:attachment":[{"href":"https:\/\/mediarun.com\/pl\/wp-json\/wp\/v2\/media?parent=68063"}],"wp:term":[{"taxonomy":"category","embeddable":true,"href":"https:\/\/mediarun.com\/pl\/wp-json\/wp\/v2\/categories?post=68063"},{"taxonomy":"post_tag","embeddable":true,"href":"https:\/\/mediarun.com\/pl\/wp-json\/wp\/v2\/tags?post=68063"}],"curies":[{"name":"wp","href":"https:\/\/api.w.org\/{rel}","templated":true}]}}