{"id":67683,"date":"2006-12-21T06:00:00","date_gmt":"2006-12-21T05:00:00","guid":{"rendered":"https:\/\/mediarun.com\/index.php\/news-posts\/tvp1-nowa-ramowka-na-nowy-rok\/"},"modified":"2006-12-21T06:00:00","modified_gmt":"2006-12-21T05:00:00","slug":"tvp1-nowa-ramowka-na-nowy-rok","status":"publish","type":"post","link":"https:\/\/mediarun.com\/pl\/media\/tv\/tvp1-nowa-ramowka-na-nowy-rok.html","title":{"rendered":"TVP1: nowa ram\u00f3wka na nowy rok"},"content":{"rendered":"<p><P>zostanie now\u0105 audycj\u0105 publicystyczn\u0105. Oto najwa\u017cniejsze zmiany, jakie w styczniu 2007 r. pojawi\u0105 si\u0119 w&nbsp;TVP1. <\/P><br \/>\n<P>Wraz z ko\u0144cem stycznia telewizyjna Jedynka zako\u0144czy nadawanie programu&nbsp;&#8222;A dobro Polski?&#8221;. W jego miejsce planowane jest uruchomienie nowego programu publicystycznego. &#8211; Finalizujemy ju\u017c prace, program wejdzie na anten\u0119 prawdopodobnie w ostatnim tygodniu stycznia. Zdecydowanie chcemy tu konkurowa\u0107 z komercyjnymi stacjami i takimi programami jak &#8222;Co z t\u0105 Polsk\u0105&#8221; Tomasza Lisa czy &#8222;Teraz My&#8221; Sekielskiego i Morozowskiego &#8211; powiedzia\u0142 w \u015brod\u0119 dziennikarzom p.o. dyrektora TVP1 Maciej Wojciechowski. <\/P><br \/>\n<P>Zmian w publicystyce jest wi\u0119cej. Ze wzgl\u0119du na powr\u00f3t &#8222;Panoramy&#8221; na godzin\u0119 22, przesuni\u0119ta zostanie emisja wieczornego programu podsumowuj\u0105cego dzie\u0144. Audycja zmieni te\u017c tytu\u0142 &#8211; zamiast &#8222;Kwadransu po 23&#8221; widzowie ok. 22.30 zobacz\u0105 &#8222;Z refleksem&#8221;. <\/P><br \/>\n<P>Sta\u0142e pasmo w Programie Pierwszym TVP odzyska\u0142 Teatr Telewizji, cho\u0107 spektakle b\u0119d\u0105 nadawane nie jak dot\u0105d ok. 20, ale o godz. 21. Dotychczasowa, wcze\u015bniejsza pora sprawia\u0142a, \u017ce Teatr konkurowa\u0107 musia\u0142 z nadawanymi w tym czasie na innych kana\u0142ach serialami. TVP1 b\u0119dzie prezentowa\u0142a cztery spektakle miesi\u0119cznie, w tym dwie premiery. Raz w miesi\u0105cu widzowie b\u0119d\u0105 mogli obejrze\u0107 spektakle w ramach &#8222;Sceny Faktu&#8221;. <\/P><br \/>\n<P>Nowo\u015bci\u0105 w ram\u00f3wce b\u0119dzie m.in. r\u00f3wnie\u017c nadawane w soboty o 2.30 pasmo Jedynka Classic, w kt\u00f3rym znajd\u0105 si\u0119 koncerty muzyki klasycznej. <\/P><\/p>\n","protected":false},"excerpt":{"rendered":"Teatr Telewizji odzyska sta\u0142e pasmo &#8211; z ekran\u00f3w zniknie za\u015b program &quot;A dobro Polski?&quot;, kt\u00f3ry zast\u0105piony&#8230;","protected":false},"author":1,"featured_media":67684,"comment_status":"open","ping_status":"closed","sticky":false,"template":"","format":"standard","meta":{"csco_display_header_overlay":false,"csco_singular_sidebar":"","csco_page_header_type":"","csco_page_load_nextpost":"","csco_post_video_location":[],"csco_post_video_location_hash":"","csco_post_video_url":"","csco_post_video_bg_start_time":0,"csco_post_video_bg_end_time":0,"footnotes":""},"categories":[9670],"tags":[3074,980,1964],"class_list":{"0":"post-67683","1":"post","2":"type-post","3":"status-publish","4":"format-standard","5":"has-post-thumbnail","7":"category-tv","8":"tag-andrzej-morozowski","9":"tag-ramowka","10":"tag-tomasz-sekielski","11":"cs-entry","12":"cs-video-wrap"},"_links":{"self":[{"href":"https:\/\/mediarun.com\/pl\/wp-json\/wp\/v2\/posts\/67683","targetHints":{"allow":["GET"]}}],"collection":[{"href":"https:\/\/mediarun.com\/pl\/wp-json\/wp\/v2\/posts"}],"about":[{"href":"https:\/\/mediarun.com\/pl\/wp-json\/wp\/v2\/types\/post"}],"author":[{"embeddable":true,"href":"https:\/\/mediarun.com\/pl\/wp-json\/wp\/v2\/users\/1"}],"replies":[{"embeddable":true,"href":"https:\/\/mediarun.com\/pl\/wp-json\/wp\/v2\/comments?post=67683"}],"version-history":[{"count":0,"href":"https:\/\/mediarun.com\/pl\/wp-json\/wp\/v2\/posts\/67683\/revisions"}],"wp:featuredmedia":[{"embeddable":true,"href":"https:\/\/mediarun.com\/pl\/wp-json\/wp\/v2\/media\/67684"}],"wp:attachment":[{"href":"https:\/\/mediarun.com\/pl\/wp-json\/wp\/v2\/media?parent=67683"}],"wp:term":[{"taxonomy":"category","embeddable":true,"href":"https:\/\/mediarun.com\/pl\/wp-json\/wp\/v2\/categories?post=67683"},{"taxonomy":"post_tag","embeddable":true,"href":"https:\/\/mediarun.com\/pl\/wp-json\/wp\/v2\/tags?post=67683"}],"curies":[{"name":"wp","href":"https:\/\/api.w.org\/{rel}","templated":true}]}}