{"id":67681,"date":"2006-12-21T06:00:00","date_gmt":"2006-12-21T05:00:00","guid":{"rendered":"https:\/\/mediarun.com\/index.php\/news-posts\/mediatak-rozbudowuje-zespoly-sprzedazy\/"},"modified":"2006-12-21T06:00:00","modified_gmt":"2006-12-21T05:00:00","slug":"mediatak-rozbudowuje-zespoly-sprzedazy","status":"publish","type":"post","link":"https:\/\/mediarun.com\/pl\/ludzie\/awanse\/mediatak-rozbudowuje-zespoly-sprzedazy.html","title":{"rendered":"Mediatak rozbudowuje zespo\u0142y sprzeda\u017cy"},"content":{"rendered":"<p><P>domu prasy regionalnej Mediatak. <\/P><br \/>\n<P>Molka obejmie stanowisko specjalisty ds. reklamy w zespole Micha\u0142a Brzozy, natomiast Mielczarek i Trojanek pe\u0142ni\u0107 b\u0119d\u0105 funkcje asystent\u00f3w pod kierownictwem Agnieszki Szczerbakow. <\/P><br \/>\n<P>Do dzia\u0142u rozwoju sprzeda\u017cy przyj\u0119ta zosta\u0142a Krystyna Cichecka na stanowisko specjalisty ds.klient\u00f3w strategicznych. Wcze\u015bniej pracowa\u0142a m.in. dla Agory i \u017bycia Warszawy. Ten sam zesp\u00f3\u0142 poszerzy swoje szeregi o nowego specjalist\u0119 ds. rozwoju sprzeda\u017cy &#8211; Ew\u0119 Pytlos. <\/P><br \/>\n<P>Mediatak utworzy\u0142 r\u00f3wnie\u017c nowy organ &#8211; zesp\u00f3\u0142 do sprzeda\u017cy prasy bezp\u0142atnej, kt\u00f3rym pokieruje Mariusz Czykier. Uprzednio by\u0142 on zwi\u0105zany z Agor\u0105 i bezp\u0142atnym Echem Miasta. <\/P><br \/>\n<P>W zespole znajdzie si\u0119 tak\u017ce nowo przyj\u0119ta Katarzyna Pietraszewicz. Stworzenie nowego dzia\u0142u jest krokiem do zwi\u0119kszenia aktywno\u015bci marki Mediatak w segmencie prasy bezp\u0142atnej <\/P><\/p>\n","protected":false},"excerpt":{"rendered":"Ania Molka, Andrzej Mielczarek i Andrzej Trojanek do\u0142\u0105czyli do zespo\u0142u dzia\u0142u obs\u0142ugi agencji reklamowych&#8230;","protected":false},"author":1,"featured_media":67682,"comment_status":"open","ping_status":"closed","sticky":false,"template":"","format":"standard","meta":{"csco_display_header_overlay":false,"csco_singular_sidebar":"","csco_page_header_type":"","csco_page_load_nextpost":"","csco_post_video_location":[],"csco_post_video_location_hash":"","csco_post_video_url":"","csco_post_video_bg_start_time":0,"csco_post_video_bg_end_time":0,"footnotes":""},"categories":[9678],"tags":[3109],"class_list":{"0":"post-67681","1":"post","2":"type-post","3":"status-publish","4":"format-standard","5":"has-post-thumbnail","7":"category-awanse","8":"tag-mediatak","9":"cs-entry","10":"cs-video-wrap"},"_links":{"self":[{"href":"https:\/\/mediarun.com\/pl\/wp-json\/wp\/v2\/posts\/67681","targetHints":{"allow":["GET"]}}],"collection":[{"href":"https:\/\/mediarun.com\/pl\/wp-json\/wp\/v2\/posts"}],"about":[{"href":"https:\/\/mediarun.com\/pl\/wp-json\/wp\/v2\/types\/post"}],"author":[{"embeddable":true,"href":"https:\/\/mediarun.com\/pl\/wp-json\/wp\/v2\/users\/1"}],"replies":[{"embeddable":true,"href":"https:\/\/mediarun.com\/pl\/wp-json\/wp\/v2\/comments?post=67681"}],"version-history":[{"count":0,"href":"https:\/\/mediarun.com\/pl\/wp-json\/wp\/v2\/posts\/67681\/revisions"}],"wp:featuredmedia":[{"embeddable":true,"href":"https:\/\/mediarun.com\/pl\/wp-json\/wp\/v2\/media\/67682"}],"wp:attachment":[{"href":"https:\/\/mediarun.com\/pl\/wp-json\/wp\/v2\/media?parent=67681"}],"wp:term":[{"taxonomy":"category","embeddable":true,"href":"https:\/\/mediarun.com\/pl\/wp-json\/wp\/v2\/categories?post=67681"},{"taxonomy":"post_tag","embeddable":true,"href":"https:\/\/mediarun.com\/pl\/wp-json\/wp\/v2\/tags?post=67681"}],"curies":[{"name":"wp","href":"https:\/\/api.w.org\/{rel}","templated":true}]}}