{"id":67672,"date":"2006-12-21T17:40:40","date_gmt":"2006-12-21T16:40:40","guid":{"rendered":"https:\/\/mediarun.com\/index.php\/news-posts\/zimowe-propozycje-jedynki\/"},"modified":"2006-12-21T17:40:40","modified_gmt":"2006-12-21T16:40:40","slug":"zimowe-propozycje-jedynki","status":"publish","type":"post","link":"https:\/\/mediarun.com\/pl\/media\/tv\/zimowe-propozycje-jedynki.html","title":{"rendered":"Zimowe propozycje Jedynki"},"content":{"rendered":"<p>Od 5 stycznia w pi\u0105tki o 17:20 i soboty o 17:30 (po dwa odcinki) na antenie Jedynki emitowany b\u0119dzie nowy serial obyczajowy &#8222;Druga strona medalu&#8221;, kt\u00f3rego akcja rozgrywa si\u0119 w klubie sportowym w 20-tysi\u0119cznym Szczelinie. Kolejne odcinki opowiadaj\u0105 o zwi\u0105zanych z klubem ludziach, przedstawiaj\u0105c historie wielkich przyja\u017ani, mi\u0142o\u015bci, rywalizacji, nienawi\u015bci i zazdro\u015b\u0107 &#8211; informuje TVP. W obsadzie produkcji zobaczymy m.in. Daniela Olbrychskiego i Gabriel\u0119 Kownack\u0105.<\/p>\n<p>Drug\u0105 serialow\u0105 nowo\u015bci\u0105 Jedynki b\u0119dzie ameryka\u0144ski serial science-fiction pt. &#8216;4400&#8217;, opowiadaj\u0105cy o losach ludzi zaginionych na prze\u0142omie XX wieku os\u00f3b, kt\u00f3re pewnego dnia wracaj\u0105 statkiem kosmicznym na Ziemi\u0119. (<a href=\"http:\/\/www.medialink.pl\/media\/?telewizja\/&#038;kat=5&#038;id=35235\" target=\"_blank\" rel=\"noopener\"><br \/>\nWi\u0119cej na temat serialu<\/a>) Produkcja nadawana b\u0119dzie w ka\u017cdy czwartek o 20:20 (r\u00f3wnie\u017c po dwa odcinki).<\/p>\n<p>W ramach Teatru Telewizji, w poniedzia\u0142ki o godz. 21.00 TVP1 b\u0119dzie prezentowa\u0142a od stycznia ponownie cztery spektakle teatralne miesi\u0119cznie. W ramach tego pasma widzowie zobacz\u0105 tak\u017ce a\u017c dwie premiery miesi\u0119cznie. Jedna z nich b\u0119dzie tzw. dokudrama, czyli telewizyjna &#8221;Scena Faktu&#8221;. Pierwszym spektaklem nadanym w tym cyklu b\u0119dzie &#8222;Inka&#8221; w re\u017cyserii Natalii Korynckiej-Gruz &#8211; sztuka o niezwyk\u0142ej postaci, zapomnianej i niedocenionej &#8211; Danucie Siedzik\u00f3wnie, ps. Inka.<\/p>\n<p>Jedynka przygotowa\u0142a tak\u017ce nowo\u015bci kulturalne. W poniedzia\u0142ki o 22:45 zamiennie z magazynem &#8222;Rega\u0142&#8221; b\u0119dzie pokazywany nowy literacki program publicystyczny &#8216;Errata do biografii&#8217;, b\u0119d\u0105cy cyklem film\u00f3w dokumentalnych przedstawiaj\u0105cy nieznane, przemilczane b\u0105d\u017a zmanipulowanie z r\u00f3\u017cnych powod\u00f3w fakty z biografii polskich pisarzy. Natomiast w soboty emitowane b\u0119dzie koncertowe pasmo z muzyk\u0105 klasyczn\u0105 zatytu\u0142owane Jedynka Classic, kt\u00f3re widzowie zobacz\u0105 jednak bardzo p\u00f3\u017ano w nocy, bo dopiero o 2:30.. <\/p>\n<p>Zmiany obejm\u0105 tak\u017ce aktualnie pokazywane audycje publicystyki kulturalnej. Talk show Rafa\u0142a Ziemkiewicza &#8216;Ring&#8217; od 8 stycznia b\u0119dzie emitowany nie w pi\u0105tki, ale w poniedzia\u0142ki o godz. 20.15. Zwi\u0119kszy si\u0119 cz\u0119stotliwo\u015b\u0107 emisji magazynu filmowego &#8216;Neokinematograf&#8217;, kt\u00f3ry b\u0119dzie od stycznia pokazywany w ka\u017cd\u0105 niedziel\u0119 oko\u0142o p\u00f3\u0142nocy (dotychczas program nazywa\u0142 si\u0119 &#8216;Kinematograf&#8217; i pokazywany by\u0142 dwa razy w miesi\u0105cu). Nowo\u015bci\u0105 wprowadzon\u0105 w magazynie b\u0119dzie blok z szybkimi recenzjami aktualnej oferty kinowej.<\/p>\n<p>Sporo zmian r\u00f3wnie\u017c w publicystyce spo\u0142ecznej i politycznej. Od stycznia zniknie program &#8222;Kwadrans po jedenastej&#8221;, a Dorota Wysocka &#8211; Schnepf wraz z zaproszonymi go\u015b\u0107mi podsumowywa\u0107 b\u0119dzie dzie\u0144 w nowej audycji zatytu\u0142owanej &#8222;Z refleksem&#8221;, kt\u00f3ra emitowana b\u0119dzie po 22:30. <\/p>\n<p>Dwa inne programy publicystyczne zmieni\u0105 natomiast dni emisji. &#8222;Sprawa dla reportera&#8221; w nowej scenografii nadawana b\u0119dzie we wtorki o 22:15, a r\u00f3wnie\u017c we wtorki, zaraz po programie El\u017cbiety Jaworowicz, ukazywa\u0107 si\u0119 b\u0119dzie &#8222;Misja specjalna&#8221;, w kt\u00f3rej pojawi si\u0119 cykl reporta\u017cy sensacyjno-\u015bledczych przygotowywanych przez dziennikarzy oddzia\u0142\u00f3w terenowych TVP.<\/p>\n<p>Ko\u0144cem stycznia zniknie program &#8222;A dobro Polski?&#8221;. Od lutego zast\u0105pi go nowa audycja publicystyczna, kt\u00f3rej szczeg\u00f3\u0142y nie s\u0105 jeszcze znane.<\/p>\n","protected":false},"excerpt":{"rendered":"W styczniu telewizyjna Jedynka wprowadza zmiany w swojej ram\u00f3wce. Widzowie zobacz\u0105 m.in. nowy serial obyczajowy i nowe pozycje kulturalne. W ramach Teatru Telewizji, TVP1 powr\u00f3ci do prezentacji czterech spektakli miesi\u0119cznie. Now\u0105 ods\u0142on\u0119 b\u0119d\u0105 mia\u0142y tak\u017ce niekt\u00f3re ze znanych ju\u017c widzom program\u00f3w publicystycznych.","protected":false},"author":1,"featured_media":67673,"comment_status":"open","ping_status":"closed","sticky":false,"template":"","format":"standard","meta":{"csco_display_header_overlay":false,"csco_singular_sidebar":"","csco_page_header_type":"","csco_page_load_nextpost":"","csco_post_video_location":[],"csco_post_video_location_hash":"","csco_post_video_url":"","csco_post_video_bg_start_time":0,"csco_post_video_bg_end_time":0,"footnotes":""},"categories":[9670],"tags":[],"class_list":{"0":"post-67672","1":"post","2":"type-post","3":"status-publish","4":"format-standard","5":"has-post-thumbnail","7":"category-tv","8":"cs-entry","9":"cs-video-wrap"},"_links":{"self":[{"href":"https:\/\/mediarun.com\/pl\/wp-json\/wp\/v2\/posts\/67672","targetHints":{"allow":["GET"]}}],"collection":[{"href":"https:\/\/mediarun.com\/pl\/wp-json\/wp\/v2\/posts"}],"about":[{"href":"https:\/\/mediarun.com\/pl\/wp-json\/wp\/v2\/types\/post"}],"author":[{"embeddable":true,"href":"https:\/\/mediarun.com\/pl\/wp-json\/wp\/v2\/users\/1"}],"replies":[{"embeddable":true,"href":"https:\/\/mediarun.com\/pl\/wp-json\/wp\/v2\/comments?post=67672"}],"version-history":[{"count":0,"href":"https:\/\/mediarun.com\/pl\/wp-json\/wp\/v2\/posts\/67672\/revisions"}],"wp:featuredmedia":[{"embeddable":true,"href":"https:\/\/mediarun.com\/pl\/wp-json\/wp\/v2\/media\/67673"}],"wp:attachment":[{"href":"https:\/\/mediarun.com\/pl\/wp-json\/wp\/v2\/media?parent=67672"}],"wp:term":[{"taxonomy":"category","embeddable":true,"href":"https:\/\/mediarun.com\/pl\/wp-json\/wp\/v2\/categories?post=67672"},{"taxonomy":"post_tag","embeddable":true,"href":"https:\/\/mediarun.com\/pl\/wp-json\/wp\/v2\/tags?post=67672"}],"curies":[{"name":"wp","href":"https:\/\/api.w.org\/{rel}","templated":true}]}}