{"id":67646,"date":"2006-12-22T17:00:13","date_gmt":"2006-12-22T16:00:13","guid":{"rendered":"https:\/\/mediarun.com\/index.php\/news-posts\/swieta-w-stacjach-radiowych-i-telewizyjnych\/"},"modified":"2006-12-22T17:00:13","modified_gmt":"2006-12-22T16:00:13","slug":"swieta-w-stacjach-radiowych-i-telewizyjnych","status":"publish","type":"post","link":"https:\/\/mediarun.com\/pl\/media\/tv\/swieta-w-stacjach-radiowych-i-telewizyjnych.html","title":{"rendered":"\u015awi\u0119ta w stacjach radiowych i telewizyjnych"},"content":{"rendered":"<p><B>TVP1:<\/B><\/p>\n<p>W wigili\u0119 Jedynka wyemituje m.in. film &#8216;Gdzie jest Nemo?&#8217; oraz fina\u0142owy odcinek programu &#8216;\u0141owca przyg\u00f3d&#8217;. W Bo\u017ce Narodzenie stacja poka\u017ce koncert &#8216;\u015awi\u0119ta, \u015bwi\u0119ta&#8217; oraz \u015bwi\u0105teczne wydania seriali: &#8216;Klan&#8217; oraz &#8216;Plebania&#8217;. Pojawi\u0105 si\u0119 tak\u017ce specjalne wydania program\u00f3w, m.in. &#8216;Jaka to melodia&#8217;.<\/p>\n<p><B>TVP2:<\/B><\/p>\n<p>W czasie \u015bwi\u0105t widzowie Dw\u00f3jki obejrz\u0105 trzy odcinki serialu &#8216;M jak mi\u0142o\u015b\u0107&#8217;, a tak\u017ce dwa programy specjalne, w kt\u00f3rych o Teresie Lipowskiej, Kasi Cichopek i Ma\u0142gorzacie Ko\u017cuchowskiej opowiedz\u0105 ich znajomi i wsp\u00f3\u0142pracownicy. B\u0119d\u0105 r\u00f3wnie\u017c programy rozrywkowe: m.in. &#8216;Marzenia Marcina Da\u0144ca&#8217;, &#8216;Szcz\u0119\u015bliwa 13&#8217;, &#8216;Familiady&#8217;, &#8216;Du\u017ce dzieci&#8217; czy &#8216;Podr\u00f3\u017c kulinarnych Roberta Mak\u0142owicza&#8217;.<\/p>\n<p><B>Polsat:<\/B><\/p>\n<p>W wigili\u0119 o godz. 18 telewizja Polsat poka\u017ce \u015bwi\u0105teczny koncert &#8216;Kol\u0119da w Polsacie&#8217;. Kol\u0119dy wykonaj\u0105 m.in. Krzysztof Krawczy\u0144, Maryla Rodowici, Andrzej Piaseczny i Szymon Wydra. Wykonawcom towarzyszy\u0142 b\u0119dzie ch\u00f3r sze\u015b\u0107dziesi\u0119ciorga dzieci. Gospodarzami koncertu b\u0119d\u0105 Agata M\u0142ynarska, Krzysztof Ibisz, Zygmunt Chajzer oraz Maciej Dowbor.<\/p>\n<p>W\u015br\u00f3d filmowych pozycji na \u015bwi\u0119ta, widzowie stacji obejrz\u0105 m.in. &#8216;Kevina samego w domu&#8217;, &#8216;Bezsenno\u015b\u0107 w Seatle&#8217; czy &#8216;Pokoj\u00f3wk\u0119 na Mahnattanie&#8217;. <\/p>\n<p><B>TVN:<\/B><\/p>\n<p>TVN w wigili\u0119 poka\u017ce &#8216;Harry&#8217;ego Pottera&#8217; i komnat\u0119 tajemnic&#8217; oraz &#8216;Ostatniego sprawiedliwego&#8217;. Pierwszego dnia widzowie zobacz\u0105 m.in. specjalne wydanie &#8216;Maratonu u\u015bmiechu&#8217; i &#8216;Szymon Majewski Show&#8217;. Nie zabraknie tak\u017ce propozycji filmowych &#8211; &#8216;Showtime&#8217; oraz &#8216;Kapitan Corelli&#8217;.<\/p>\n<p><B>RMF FM:<\/B><\/p>\n<p>W wigili\u0119 poranny program RMF FM z zakopia\u0144skich Krup\u00f3wek poprowadzi S\u0142awomir Kowalewski. P\u00f3\u017aniej Ma\u0142gorzata Ko\u015bcielniak b\u0119dzie go\u015bci\u0107 znane mamy, z kt\u00f3rymi porozmawia o tym, jak pojawienie si\u0119 dziecka wp\u0142yn\u0119\u0142o na ich \u017cycie. Popo\u0142udniu w RMF FM prezenterzy stacji zaprosz\u0105 s\u0142uchaczy na wigili\u0119, podczas kt\u00f3rej zaprezentuj\u0105 si\u0119 w prywatnej roli. Wieczorem s\u0142uchacze us\u0142ysz\u0105 czterogodzinny koncert kol\u0119d.<\/p>\n<p>W pierwszy i drugi dzie\u0144 \u015bwi\u0105t prezenterzy RMF FM b\u0119d\u0105 razem z Piotrem Rubikiem i jego rodzin\u0105 wspomina\u0107 dzieci\u0144stwo kompozytora i najciekawsze historia zwi\u0105zane z jego \u017cyciem. W poniedzia\u0142ek Robert Janowski poprowadzi \u015bwi\u0105teczn\u0105 &#8216;Wasz\u0105 muzyk\u0119&#8217;, a wieczorem Darek Maciorek opowie o zespole The Beatles (dzie\u0144 p\u00f3\u017aniej o George&#8217;u Michael&#8217;u).<\/p>\n<p>Drugiego dnia \u015bwi\u0105t go\u015bciem porannego programu stacji b\u0119dzie Kabaret pod Wydrwigroszem. Popo\u0142udniu Robert Konatowicz zabierze s\u0142uchaczy w \u015bwi\u0105teczn\u0105 podr\u00f3\u017c po Europie. <\/p>\n<p><B>Radio Zet:<\/B><\/p>\n<p>Radio Zet przygotowa\u0142o na \u015bwi\u0119ta dla swoich s\u0142uchaczy kol\u0119d\u0119, kt\u00f3r\u0105 wykonuj\u0105 dziennikarze rozg\u0142o\u015bni. Utw\u00f3r emitowany jest na antenie stacji w kilkudziesi\u0119ciu sekundowych fragmentach od czwartku. S\u0142owa do kol\u0119dy &#8216;Si\u0142a \u015bwi\u0105t&#8217; napisa\u0142 Rafa\u0142 Bryndal, muzyk\u0119 natomiast Tomasz Lewandowski.<\/p>\n<p>W wigili\u0119 na antenie Radia Zet pojawi\u0105 si\u0119 tak\u017ce tradycyjne kol\u0119dy. Stacja rezygnuje tego dnia z programu &#8216;Si\u00f3dmy dzie\u0144 tygodnia&#8217;. W czasie \u015bwi\u0105t rozg\u0142o\u015bnia wyemituje trzy specjalne wydania &#8216;Powiedz tylko Marzenie&#8217;. Go\u015b\u0107mi Marzeny Che\u0142miniak b\u0119d\u0105 Robert Sowa, Marta Gessler i Pascal Brodnicki.<\/p>\n<p><B>Radiowa Jedynka:<\/B><\/p>\n<p>Radiowa Jedynka w wigili\u0119 przygotowa\u0142a d\u0142u\u017csze wydanie &#8216;Radia Dzieciom&#8217;, w ramach kt\u00f3rego pojawi si\u0119 m.in. s\u0142uchowisko &#8216;Ba\u015b\u0144 wigilijna&#8217;. Wieczorem Zbigniew Kraje\u0144ski poprowadzi audycj\u0119 &#8216;Nasze polskie wigilie&#8217;, w kt\u00f3rej porozmawia ze swoimi go\u015b\u0107mi m.in. o tym, jak sk\u0142adamy sobie \u017cyczenia i czego sobie \u017cyczymy. <\/p>\n<p>W pierwszy dzie\u0144 \u015bwi\u0105t o p\u00f3\u0142nocy stacja transmitowa\u0107 b\u0119dzie pasterk\u0119 z katedry \u015bw. Micha\u0142a Archanio\u0142a i \u015aw. Floriana M\u0119czennika w Warszawie, kt\u00f3r\u0105 celebrowa\u0107 b\u0119dzie arcybiskup S\u0142awoj Leszek G\u0142\u00f3d\u017a. Rano na antenie stacji pojawi\u0105 si\u0119 wspomnienia dotycz\u0105ce \u015bwi\u0105t znanych os\u00f3b. W\u015br\u00f3d innych pozycji programowych, Jedynka opowie tak\u017ce o tradycjach Bo\u017cego Narodzenia w innych krajach.<\/p>\n<p>Tematem przewodnim radiowej Jedynki drugiego dnia \u015bwi\u0105t b\u0119d\u0105 \u015bwi\u0119ta Polak\u00f3w za granic\u0105.<br \/>\nW audycjach, kt\u00f3re prowadzone b\u0119d\u0105 w kilku blokach tematycznych, us\u0142ysze\u0107 b\u0119dzie mo\u017cna rozmowy z polskimi konsulami oraz lud\u017ami, kt\u00f3rzy zdecydowali si\u0119 na emigracj\u0119. <\/p>\n<p><B>Radiowa Dw\u00f3jka:<\/B><\/p>\n<p>W radiowej Dw\u00f3jce w wigili\u0119 m.in. Piotr Orawski poprowadzi &#8216;Kol\u0119dy przy wigilijnym stole&#8217;. Pierwszego dnia \u015bwi\u0105t b\u0119dzie mo\u017cna us\u0142ysze\u0107 m.in. kol\u0119dy i pastora\u0142ki w wykonaniu Anny Chowaniec-Rybki i Sebastiana Karpiela. Dzie\u0144 p\u00f3\u017aniej pojawi si\u0119 m.in. recital Franka Petera Zimmermanna, kt\u00f3ry odby\u0142 si\u0119 7 listopada br. w Filharmonii Narodowej. <\/p>\n<p><B>Radio Bis:<\/B> <\/p>\n<p>W wigili\u0119 s\u0142uchacze Radia Bis us\u0142ysz\u0105 m.in. opini\u0119 przedszkolak\u00f3w na temat zwyczaj\u00f3w \u015bwi\u0105tecznych. Na antenie stacji pojawi\u0105 si\u0119 tak\u017ce &#8216;Bardzo inne kol\u0119dy&#8217;. Wieczorem nie zabraknie zwierze\u0144 os\u00f3b, kt\u00f3re sp\u0119dz\u0105 samotnie \u015bwi\u0119ta.<\/p>\n<p>W pierwszy dzie\u0144 \u015bwi\u0105t Radio Bis opowie o \u015bwi\u0105tecznych obyczajach na \u015bwiecie. Drugiego dnia \u015bwi\u0105t z kolei s\u0142uchacze m.in. poznaj\u0105 wielokulturowe pary, kt\u00f3re opowiedz\u0105 jak w ich domach mieszaj\u0105 si\u0119 \u015bwi\u0105teczne tradycje z r\u00f3\u017cnych stron \u015bwiata. <\/p>\n<p><B>Radiowa Tr\u00f3jka:<\/B><\/p>\n<p>W wigili\u0119 w Tr\u00f3jc\u0119 co godzin\u0119 Lech Janerka recytowa\u0107 b\u0119dzie dla s\u0142uchaczy swoje wiersze. W\u015br\u00f3d niedzielnych pozycji stacja przygotowa\u0142a m.in. &#8216;Wigili\u0119 w Tr\u00f3jc\u0119&#8217;, kt\u00f3r\u0105 poprowadzi Barbara Marcinik.<\/p>\n<p>W pierwszy dzie\u0144 \u015bwi\u0105t Piotr \u0141odej spr\u00f3buje rano wyja\u015bni\u0107 &#8216;Tajemnice Bo\u017cego Narodzenia&#8217;, p\u00f3\u017aniej Dariusz Bugalski opowie &#8216;Historie rodzinny&#8217;. Audycj\u0119 z zapowiedziami p\u0142yt 2007 roku poprowadzi Agnieszka Szyd\u0142owska. Tego dnia Tr\u00f3jka przygotowa\u0142a r\u00f3wnie\u017c m.in. koncert Jana Ptaszyna Wr\u00f3blewskiego.<\/p>\n<p>W drugi dzie\u0144 \u015bwi\u0105t Piotr Baron podsumuje rok z &#8216;przymru\u017ceniem oka&#8217;. &#8216;\u015awi\u0105teczne tanie granie&#8217; poprowadz\u0105 Grzegorz Wasowski i Wojciech Mann, a Artur Andrus b\u0119dzie gospodarzem &#8216;Rozrywkowych \u015bwi\u0105t&#8217;. Wieczorem pojawi si\u0119 specjalne wydanie &#8216;Listy przeboj\u00f3w&#8217; Marka Nied\u017awieckiego.<\/p>\n<p><B>Antyradio:<\/B><\/p>\n<p>W wigili\u0119 Antyradio przygotowa\u0142o audycj\u0119 kulinarn\u0105 Paw\u0142a Lorocha. P\u00f3\u017aniej gospodarzem programu b\u0119dzie Janusz Kosi\u0144ski. Natomiast wieczorn\u0105 audycj\u0119 poprowadzi Tomasz Kin.<\/p>\n<p>W pierwszy dzie\u0144 \u015bwi\u0105t \u015bwi\u0105teczne rozmowy z gwiazdami poprowadzi Tomasz Kin. Nast\u0119pnie gospodarzami audycji b\u0119d\u0105 Przemys\u0142aw Frankowski, Janusz Kosi\u0144ski oraz Krzysztof Alkoholik. W nocy pojawi si\u0119 tak\u017ce \u015bwi\u0105teczne wydanie &#8216;Rze\u017ani&#8217; Jaros\u0142awa Giersa.<\/p>\n<p>W drugi dzie\u0144 \u015bwi\u0105t swoje audycje b\u0119d\u0105 mieli Tomasz Kin, Przemys\u0142aw Frankowski oraz Janusz Kosi\u0144ski.<\/p>\n<p><B>Radiostacja:<\/B><\/p>\n<p>W pi\u0105tek przez ca\u0142y dzie\u0144 i w ka\u017cdym programie obecni b\u0119d\u0105 wszyscy prezenterzy Radiostacji. 23 i 24 grudnia rozg\u0142o\u015bnia przygotowa\u0142a specjaln\u0105 edycj\u0119 cyklu &#8216;Nareszcie weekend&#8217;, tym razem pod has\u0142em &#8216;Nareszcie \u015bwi\u0119ta&#8217;. W programie pojawi\u0105 si\u0119 wspomnienia i plany \u015bwi\u0105teczne os\u00f3b m\u0142odej generacji, jak m.in. Reni Jusis, Kalwi &#038; Remi, czy Edyta Herbu\u015b.<\/p>\n<p>W pierwszy dzie\u0144 \u015bwi\u0105t na s\u0142uchaczy czeka koncert The Pussycat Dolls, a w drugi Black Eyed Peas. <\/p>\n<p><B>Radio Wawa:<\/B><\/p>\n<p>Radio Wawa w wigili\u0119 od godz. 17 gra\u0107 b\u0119dzie tylko tradycyjne, polskie kol\u0119dy. Natomiast wiecz\u00f3r sobot\u0119 i niedziel\u0119 bohaterem &#8216;Weekendu z gwiazd\u0105&#8217; b\u0119dzie aktorka Joanna Brodzik, kt\u00f3ra poda s\u0142uchaczom przepisy na potrawy wigilijne.<\/p>\n","protected":false},"excerpt":{"rendered":"W zwi\u0105zku ze \u015bwi\u0119tami Bo\u017cego Narodzenia, ram\u00f3wki stacji radiowych i telewizyjnych wype\u0142niaj\u0105 si\u0119 \u015bwi\u0105tecznymi propozycjami programowymi. W telewizji b\u0119dzie mo\u017cna zobaczy\u0107 specjalne wydania niekt\u00f3rych program\u00f3w i serialu. Natomiast na antenie rozg\u0142o\u015bni zagoszcz\u0105 kol\u0119dy, a tak\u017ce m.in. opowie\u015bci o \u015bwi\u0105tecznych zwyczajach w innych krajach.","protected":false},"author":1,"featured_media":67647,"comment_status":"open","ping_status":"closed","sticky":false,"template":"","format":"standard","meta":{"csco_display_header_overlay":false,"csco_singular_sidebar":"","csco_page_header_type":"","csco_page_load_nextpost":"","csco_post_video_location":[],"csco_post_video_location_hash":"","csco_post_video_url":"","csco_post_video_bg_start_time":0,"csco_post_video_bg_end_time":0,"footnotes":""},"categories":[9670],"tags":[],"class_list":{"0":"post-67646","1":"post","2":"type-post","3":"status-publish","4":"format-standard","5":"has-post-thumbnail","7":"category-tv","8":"cs-entry","9":"cs-video-wrap"},"_links":{"self":[{"href":"https:\/\/mediarun.com\/pl\/wp-json\/wp\/v2\/posts\/67646","targetHints":{"allow":["GET"]}}],"collection":[{"href":"https:\/\/mediarun.com\/pl\/wp-json\/wp\/v2\/posts"}],"about":[{"href":"https:\/\/mediarun.com\/pl\/wp-json\/wp\/v2\/types\/post"}],"author":[{"embeddable":true,"href":"https:\/\/mediarun.com\/pl\/wp-json\/wp\/v2\/users\/1"}],"replies":[{"embeddable":true,"href":"https:\/\/mediarun.com\/pl\/wp-json\/wp\/v2\/comments?post=67646"}],"version-history":[{"count":0,"href":"https:\/\/mediarun.com\/pl\/wp-json\/wp\/v2\/posts\/67646\/revisions"}],"wp:featuredmedia":[{"embeddable":true,"href":"https:\/\/mediarun.com\/pl\/wp-json\/wp\/v2\/media\/67647"}],"wp:attachment":[{"href":"https:\/\/mediarun.com\/pl\/wp-json\/wp\/v2\/media?parent=67646"}],"wp:term":[{"taxonomy":"category","embeddable":true,"href":"https:\/\/mediarun.com\/pl\/wp-json\/wp\/v2\/categories?post=67646"},{"taxonomy":"post_tag","embeddable":true,"href":"https:\/\/mediarun.com\/pl\/wp-json\/wp\/v2\/tags?post=67646"}],"curies":[{"name":"wp","href":"https:\/\/api.w.org\/{rel}","templated":true}]}}