{"id":67632,"date":"2006-12-27T00:01:00","date_gmt":"2006-12-26T23:01:00","guid":{"rendered":"https:\/\/mediarun.com\/index.php\/news-posts\/anna-marszalek-w-dzienniku\/"},"modified":"2006-12-27T00:01:00","modified_gmt":"2006-12-26T23:01:00","slug":"anna-marszalek-w-dzienniku","status":"publish","type":"post","link":"https:\/\/mediarun.com\/pl\/media\/prasa\/anna-marszalek-w-dzienniku.html","title":{"rendered":"Anna Marsza\u0142ek w Dzienniku"},"content":{"rendered":"<p><P>Jak podaje Presserwis&nbsp;Anna Marsza\u0142ek b\u0119dzie pe\u0142ni\u0107 od po\u0142owy stycznia funkcj\u0119 zast\u0119pcy Paw\u0142a Reszki, kt\u00f3ry r\u00f3wnie\u017c przeszed\u0142 niedawno do Dziennika w\u0142a\u015bnie z Rzeczpospolitej. <\/P><br \/>\n<P>&#8211; Raz na jaki\u015b czas ka\u017cdy musi co\u015b zmieni\u0107. Tworzenie dzia\u0142u \u015bledczego w Dzienniku to nowe wyzwanie, kt\u00f3re mnie satysfakcjonuje &#8211; powiedzia\u0142a Marsza\u0142ek&nbsp;w rozmowie z miesi\u0119cznikiem Press. <\/P><br \/>\n<P>Pawe\u0142 Lisicki, redaktor naczelny Rzeczpospolitej komentuj\u0105c zaistania\u0142\u0105 sytuacj\u0119 powiedzia\u0142, \u017ce gazeta nie zrezygnuje z materia\u0142\u00f3w \u015bledczych i ma zamiar zbudowa\u0107 kom\u00f3rk\u0119 redakcyjn\u0105, kt\u00f3ra b\u0119dzie si\u0119 tym zajmowa\u0107. Now\u0105 struktur\u0105 pokieruje&nbsp;Bertold Kittel. <\/P><\/p>\n","protected":false},"excerpt":{"rendered":"Anna Marsza\u0142ek, dziennikarka \u015bledcza pracuj\u0105ca dotychczas w Rzeczpospolitej, zostanie kierownikiem dzia\u0142u \u015bledczego w Dzienniku.","protected":false},"author":1,"featured_media":67633,"comment_status":"open","ping_status":"closed","sticky":false,"template":"","format":"standard","meta":{"csco_display_header_overlay":false,"csco_singular_sidebar":"","csco_page_header_type":"","csco_page_load_nextpost":"","csco_post_video_location":[],"csco_post_video_location_hash":"","csco_post_video_url":"","csco_post_video_bg_start_time":0,"csco_post_video_bg_end_time":0,"footnotes":""},"categories":[9673],"tags":[],"class_list":{"0":"post-67632","1":"post","2":"type-post","3":"status-publish","4":"format-standard","5":"has-post-thumbnail","7":"category-prasa","8":"cs-entry","9":"cs-video-wrap"},"_links":{"self":[{"href":"https:\/\/mediarun.com\/pl\/wp-json\/wp\/v2\/posts\/67632","targetHints":{"allow":["GET"]}}],"collection":[{"href":"https:\/\/mediarun.com\/pl\/wp-json\/wp\/v2\/posts"}],"about":[{"href":"https:\/\/mediarun.com\/pl\/wp-json\/wp\/v2\/types\/post"}],"author":[{"embeddable":true,"href":"https:\/\/mediarun.com\/pl\/wp-json\/wp\/v2\/users\/1"}],"replies":[{"embeddable":true,"href":"https:\/\/mediarun.com\/pl\/wp-json\/wp\/v2\/comments?post=67632"}],"version-history":[{"count":0,"href":"https:\/\/mediarun.com\/pl\/wp-json\/wp\/v2\/posts\/67632\/revisions"}],"wp:featuredmedia":[{"embeddable":true,"href":"https:\/\/mediarun.com\/pl\/wp-json\/wp\/v2\/media\/67633"}],"wp:attachment":[{"href":"https:\/\/mediarun.com\/pl\/wp-json\/wp\/v2\/media?parent=67632"}],"wp:term":[{"taxonomy":"category","embeddable":true,"href":"https:\/\/mediarun.com\/pl\/wp-json\/wp\/v2\/categories?post=67632"},{"taxonomy":"post_tag","embeddable":true,"href":"https:\/\/mediarun.com\/pl\/wp-json\/wp\/v2\/tags?post=67632"}],"curies":[{"name":"wp","href":"https:\/\/api.w.org\/{rel}","templated":true}]}}