{"id":67569,"date":"2006-12-28T00:01:00","date_gmt":"2006-12-27T23:01:00","guid":{"rendered":"https:\/\/mediarun.com\/index.php\/news-posts\/dwaj-finalisci-heinekena\/"},"modified":"2006-12-28T00:01:00","modified_gmt":"2006-12-27T23:01:00","slug":"dwaj-finalisci-heinekena","status":"publish","type":"post","link":"https:\/\/mediarun.com\/pl\/marketing\/atl\/dwaj-finalisci-heinekena.html","title":{"rendered":"Dwaj finali\u015bci Heinekena"},"content":{"rendered":"<p><P>o poprowadzenie bud\u017cetu kreatywnego swoich dw\u00f3ch marek: Heineken oraz Heineken Premium Light. Wydatki na media dla obu tych marek szacowane s\u0105 na 80 mln dolar\u00f3w. <\/P><br \/>\n<P>Agencje pokona\u0142y trzy inne firmy ubiegaj\u0105ce si\u0119 o bud\u017cet Heinekena: nale\u017c\u0105c\u0105 do WPP Group agencj\u0119 Ogilvy &amp; Mather oraz nale\u017c\u0105c\u0105 do Publicis Groupe agencj\u0119 Publicis, a tak\u017ce niezale\u017cn\u0105 The Richards Group z Dallas. <\/P><br \/>\n<P>&#8211; Klient poinformowa\u0142 nas, i\u017c zaw\u0119\u017ca przetarg do dw\u00f3ch agencji i \u017ce my nie b\u0119dziemy brani pod uwag\u0119. NIe jeste\u015bmy oczywi\u015bcie szcz\u0119\u015bliwi z decyzji Heinekena, jednak rozumiemy, i\u017c potrzebowali oni zmian. Dobrze, \u017ce ju\u017c si\u0119 to wyja\u015bni\u0142o, bo b\u0119dziemy teraz mogli i\u015b\u0107 dalej i podj\u0105\u0107 nowe wyzwania &#8211; powiedzia\u0142 Gill Duff, CEO nowojorskiej agencji Publicis, kt\u00f3ra od 2003 roku zajmowa\u0142a si\u0119 markami Heineken oraz Amstel Light. <\/P><br \/>\n<P>Ostateczne prezentacje pomys\u0142\u00f3w agencji, dotycz\u0105cych marek Heineken, oczekiwane s\u0105 na po\u0142ow\u0119 stycznia. <\/P><br \/>\n<P>Nale\u017c\u0105ca do WPP agencja Berlin Cameron z Nowego Jorku zajmuje si\u0119 mark\u0105 Heineken Premium Light od ko\u0144ca 2005 roku. Marka ta wprowadzona zosta\u0142a na rynek w marcu bie\u017c\u0105cego roku. Natomiast agencja Wieden + Kennedy przez prawie dekad\u0119 prowadzi\u0142a mark\u0119 Miller High Life. <\/P><\/p>\n","protected":false},"excerpt":{"rendered":"Heineken USA wybra\u0142 dw\u00f3ch finalist\u00f3w, agencje Berlin Cameron United oraz Wieden + Kennedy, w procesie przetargu&#8230;","protected":false},"author":1,"featured_media":67570,"comment_status":"open","ping_status":"closed","sticky":false,"template":"","format":"standard","meta":{"csco_display_header_overlay":false,"csco_singular_sidebar":"","csco_page_header_type":"","csco_page_load_nextpost":"","csco_post_video_location":[],"csco_post_video_location_hash":"","csco_post_video_url":"","csco_post_video_bg_start_time":0,"csco_post_video_bg_end_time":0,"footnotes":""},"categories":[9642],"tags":[52],"class_list":{"0":"post-67569","1":"post","2":"type-post","3":"status-publish","4":"format-standard","5":"has-post-thumbnail","7":"category-atl","8":"tag-publicis","9":"cs-entry","10":"cs-video-wrap"},"_links":{"self":[{"href":"https:\/\/mediarun.com\/pl\/wp-json\/wp\/v2\/posts\/67569","targetHints":{"allow":["GET"]}}],"collection":[{"href":"https:\/\/mediarun.com\/pl\/wp-json\/wp\/v2\/posts"}],"about":[{"href":"https:\/\/mediarun.com\/pl\/wp-json\/wp\/v2\/types\/post"}],"author":[{"embeddable":true,"href":"https:\/\/mediarun.com\/pl\/wp-json\/wp\/v2\/users\/1"}],"replies":[{"embeddable":true,"href":"https:\/\/mediarun.com\/pl\/wp-json\/wp\/v2\/comments?post=67569"}],"version-history":[{"count":0,"href":"https:\/\/mediarun.com\/pl\/wp-json\/wp\/v2\/posts\/67569\/revisions"}],"wp:featuredmedia":[{"embeddable":true,"href":"https:\/\/mediarun.com\/pl\/wp-json\/wp\/v2\/media\/67570"}],"wp:attachment":[{"href":"https:\/\/mediarun.com\/pl\/wp-json\/wp\/v2\/media?parent=67569"}],"wp:term":[{"taxonomy":"category","embeddable":true,"href":"https:\/\/mediarun.com\/pl\/wp-json\/wp\/v2\/categories?post=67569"},{"taxonomy":"post_tag","embeddable":true,"href":"https:\/\/mediarun.com\/pl\/wp-json\/wp\/v2\/tags?post=67569"}],"curies":[{"name":"wp","href":"https:\/\/api.w.org\/{rel}","templated":true}]}}