{"id":67567,"date":"2006-12-28T00:01:00","date_gmt":"2006-12-27T23:01:00","guid":{"rendered":"https:\/\/mediarun.com\/index.php\/news-posts\/dobra-droga-tv\/"},"modified":"2006-12-28T00:01:00","modified_gmt":"2006-12-27T23:01:00","slug":"dobra-droga-tv","status":"publish","type":"post","link":"https:\/\/mediarun.com\/pl\/media\/tv\/dobra-droga-tv.html","title":{"rendered":"Dobra, droga TV"},"content":{"rendered":"<p><P>Wi\u0119kszo\u015b\u0107 telewizor\u00f3w, kt\u00f3rych obecnie u\u017cywamy, nie b\u0119dzie nadawa\u0142a si\u0119 do odbioru nowego sygna\u0142u. Nie trzeba si\u0119 jednak spieszy\u0107 z wyrzucaniem ich na \u015bmietnik &#8211;&nbsp;pociesza Gazeta Krakowska.<\/P><br \/>\n<P>&#8211; Wystarczy, \u017ce ka\u017cdy u\u017cytkownik dokupi do odbiornika dekoder, m\u00f3wi Witold Mazur z Krajowej Rady Radiofonii i Telewizji. Niestety, jest r\u00f3wnie\u017c z\u0142a wiadomo\u015b\u0107. W zale\u017cno\u015bci od standardu kompresji, zap\u0142acimy za taki dekoder od 100 do 600 z\u0142otych. Prawdopodobnie tylko z w\u0142asnej kieszeni.<\/P><br \/>\n<P>Nikt nie podwa\u017ca zalet telewizji cyfrowej. To nie tylko zdecydowanie lepsza jako\u015b\u0107 odbioru program\u00f3w, czy dost\u0119p do us\u0142ug dodatkowych, jak internet i tzw. video-on-demand (pozwalaj\u0105ce nam wybiera\u0107 program, kt\u00f3ry chcemy obejrze\u0107). &#8211; Poprawi si\u0119 r\u00f3wnie\u017c dost\u0119pno\u015b\u0107 telewizji. Na niekt\u00f3rych obszarach s\u0105 dzi\u015b problemy z odbiorem cz\u0119\u015bci program\u00f3w. Przy telewizji cyfrowej k\u0142opot ten znika, t\u0142umaczy Leszek Dziura z TV Krak\u00f3w.<\/P><br \/>\n<P>&#8211; Siedem lat, kt\u00f3re nam pozosta\u0142y to du\u017co i jednocze\u015bnie ma\u0142o. Rok 2015 to jedna z propozycji ostatecznego terminu wprowadzenia systemu cyfrowego. UE mo\u017ce jednak wkr\u00f3tce przychyli\u0107 si\u0119 do daty 2012. Wtedy z siedmiu zrobi\u0105 si\u0119 cztery lata. A to ju\u017c bardzo ma\u0142o, twierdzi Mazur.<\/P><br \/>\n<P>Przewiduje si\u0119, \u017ce w 2010 roku telewizja cyfrowa dost\u0119pna b\u0119dzie w 60 proc. gospodarstw domowych w krajach unijnych.<\/P><\/p>\n","protected":false},"excerpt":{"rendered":"Najp\u00f3\u017aniej do 2015 roku przejdziemy w Polsce z systemu telewizji analogowej na cyfrow\u0105.","protected":false},"author":1,"featured_media":67568,"comment_status":"open","ping_status":"closed","sticky":false,"template":"","format":"standard","meta":{"csco_display_header_overlay":false,"csco_singular_sidebar":"","csco_page_header_type":"","csco_page_load_nextpost":"","csco_post_video_location":[],"csco_post_video_location_hash":"","csco_post_video_url":"","csco_post_video_bg_start_time":0,"csco_post_video_bg_end_time":0,"footnotes":""},"categories":[9670],"tags":[],"class_list":{"0":"post-67567","1":"post","2":"type-post","3":"status-publish","4":"format-standard","5":"has-post-thumbnail","7":"category-tv","8":"cs-entry","9":"cs-video-wrap"},"_links":{"self":[{"href":"https:\/\/mediarun.com\/pl\/wp-json\/wp\/v2\/posts\/67567","targetHints":{"allow":["GET"]}}],"collection":[{"href":"https:\/\/mediarun.com\/pl\/wp-json\/wp\/v2\/posts"}],"about":[{"href":"https:\/\/mediarun.com\/pl\/wp-json\/wp\/v2\/types\/post"}],"author":[{"embeddable":true,"href":"https:\/\/mediarun.com\/pl\/wp-json\/wp\/v2\/users\/1"}],"replies":[{"embeddable":true,"href":"https:\/\/mediarun.com\/pl\/wp-json\/wp\/v2\/comments?post=67567"}],"version-history":[{"count":0,"href":"https:\/\/mediarun.com\/pl\/wp-json\/wp\/v2\/posts\/67567\/revisions"}],"wp:featuredmedia":[{"embeddable":true,"href":"https:\/\/mediarun.com\/pl\/wp-json\/wp\/v2\/media\/67568"}],"wp:attachment":[{"href":"https:\/\/mediarun.com\/pl\/wp-json\/wp\/v2\/media?parent=67567"}],"wp:term":[{"taxonomy":"category","embeddable":true,"href":"https:\/\/mediarun.com\/pl\/wp-json\/wp\/v2\/categories?post=67567"},{"taxonomy":"post_tag","embeddable":true,"href":"https:\/\/mediarun.com\/pl\/wp-json\/wp\/v2\/tags?post=67567"}],"curies":[{"name":"wp","href":"https:\/\/api.w.org\/{rel}","templated":true}]}}