{"id":67542,"date":"2006-12-28T18:47:28","date_gmt":"2006-12-28T17:47:28","guid":{"rendered":"https:\/\/mediarun.com\/index.php\/news-posts\/szymon-majewski-zyskal-600-tys-widzow\/"},"modified":"2006-12-28T18:47:28","modified_gmt":"2006-12-28T17:47:28","slug":"szymon-majewski-zyskal-600-tys-widzow","status":"publish","type":"post","link":"https:\/\/mediarun.com\/pl\/media\/tv\/szymon-majewski-zyskal-600-tys-widzow.html","title":{"rendered":"Szymon Majewski zyska\u0142 600 tys. widz\u00f3w"},"content":{"rendered":"<p>Trzecia edycja programu rozrywkowego Szymon Majewski Show emitowana by\u0142a na antenie TVN od 11 wrze\u015bnia do 26 grudnia br. Ka\u017cdy jej odcinek \u015bledzi\u0142o \u015brednio 3,15 mln widz\u00f3w, a przeci\u0119tny udzia\u0142 w rynku wyni\u00f3s\u0142 23,43 proc. <\/p>\n<p>Najwi\u0119cej widz\u00f3w przyci\u0105gn\u0119\u0142o wydanie z 13 listopada, kt\u00f3ry ogl\u0105da\u0142o 3,43 mln os\u00f3b, za\u015b najmniej widz\u00f3w zdecydowa\u0142o si\u0119 obejrze\u0107 show tydzie\u0144 p\u00f3\u017aniej, 20 listopada &#8211; tylko 2,72 mln.<\/p>\n<p>Podczas emisji programu Szymon Majewski Show, stacja TVN osi\u0105ga\u0142a druga pozycj\u0119 w rynku telewizyjnym. Najwi\u0119cej widz\u00f3w &#8211; \u015brednio 3,72 mln &#8211; \u015bledzi\u0142o w tym czasie Polsat, kt\u00f3ry emitowa\u0142 filmy w cyklu Megahit. Za TVN-em uplasowa\u0142y si\u0119 natomiast: Dw\u00f3jka z widowni\u0105 2,73 mln (m.in. Dubidu i Europa da si\u0119 lubi\u0107) i Jedynka z 2,01 mln (m.in. filmy, spektakle i Sprawa dla reportera).<\/p>\n<p>Dla por\u00f3wnania pierwsza edycja programu, pokazywana od wrze\u015bnia do grudnia 2005r. przyci\u0105ga\u0142a co tydzie\u0144 2,58 mln widz\u00f3w, daj\u0105c stacji TVN \u015bredni udzia\u0142 21,31 proc. Najwi\u0119ksz\u0105 popularno\u015bci\u0105 cieszy\u0142a si\u0119 dot\u0105d druga seria show, emitowana od marca do czerwca br., kt\u00f3r\u0105 ogl\u0105da\u0142o \u015brednio 3,24 mln os\u00f3b przy udziale w rynku na poziomie 23,94 proc.<\/p>\n<p>Kolejna edycja programu Szymona Majewskiego prawdopodobnie pojawi si\u0119 na antenie TVN wiosn\u0105.<\/p>\n","protected":false},"excerpt":{"rendered":"Zako\u0144czon\u0105 w poniedzia\u0142ek, 26 grudnia, trzeci\u0105 edycj\u0119 programu Szymon Majewski Show ogl\u0105da\u0142o co tydzie\u0144 \u015brednio 3,15 mln widz\u00f3w. W por\u00f3wnaniu do pierwszej serii, emitowanej jesieni\u0105 2005 roku, program zyska\u0142 prawie 600 tys. widz\u00f3w, ale straci\u0142 niemal 100 tys. w stosunku do wiosennej edycji.","protected":false},"author":1,"featured_media":67543,"comment_status":"open","ping_status":"closed","sticky":false,"template":"","format":"standard","meta":{"csco_display_header_overlay":false,"csco_singular_sidebar":"","csco_page_header_type":"","csco_page_load_nextpost":"","csco_post_video_location":[],"csco_post_video_location_hash":"","csco_post_video_url":"","csco_post_video_bg_start_time":0,"csco_post_video_bg_end_time":0,"footnotes":""},"categories":[9670],"tags":[],"class_list":{"0":"post-67542","1":"post","2":"type-post","3":"status-publish","4":"format-standard","5":"has-post-thumbnail","7":"category-tv","8":"cs-entry","9":"cs-video-wrap"},"_links":{"self":[{"href":"https:\/\/mediarun.com\/pl\/wp-json\/wp\/v2\/posts\/67542","targetHints":{"allow":["GET"]}}],"collection":[{"href":"https:\/\/mediarun.com\/pl\/wp-json\/wp\/v2\/posts"}],"about":[{"href":"https:\/\/mediarun.com\/pl\/wp-json\/wp\/v2\/types\/post"}],"author":[{"embeddable":true,"href":"https:\/\/mediarun.com\/pl\/wp-json\/wp\/v2\/users\/1"}],"replies":[{"embeddable":true,"href":"https:\/\/mediarun.com\/pl\/wp-json\/wp\/v2\/comments?post=67542"}],"version-history":[{"count":0,"href":"https:\/\/mediarun.com\/pl\/wp-json\/wp\/v2\/posts\/67542\/revisions"}],"wp:featuredmedia":[{"embeddable":true,"href":"https:\/\/mediarun.com\/pl\/wp-json\/wp\/v2\/media\/67543"}],"wp:attachment":[{"href":"https:\/\/mediarun.com\/pl\/wp-json\/wp\/v2\/media?parent=67542"}],"wp:term":[{"taxonomy":"category","embeddable":true,"href":"https:\/\/mediarun.com\/pl\/wp-json\/wp\/v2\/categories?post=67542"},{"taxonomy":"post_tag","embeddable":true,"href":"https:\/\/mediarun.com\/pl\/wp-json\/wp\/v2\/tags?post=67542"}],"curies":[{"name":"wp","href":"https:\/\/api.w.org\/{rel}","templated":true}]}}