{"id":67432,"date":"2007-01-03T00:01:00","date_gmt":"2007-01-02T23:01:00","guid":{"rendered":"https:\/\/mediarun.com\/index.php\/news-posts\/zmiany-w-biurze-reklamy-media-express\/"},"modified":"2007-01-03T00:01:00","modified_gmt":"2007-01-02T23:01:00","slug":"zmiany-w-biurze-reklamy-media-express","status":"publish","type":"post","link":"https:\/\/mediarun.com\/pl\/ludzie\/awanse\/zmiany-w-biurze-reklamy-media-express.html","title":{"rendered":"Zmiany w biurze reklamy Media Express"},"content":{"rendered":"<p><P>Trzci\u0144ski prac\u0119 zaczyna\u0142 w Polskapresse. P\u00f3\u017aniej by\u0142 zatrudniony&nbsp;w Mediatak, gdzie ostatnio pe\u0142ni\u0142 funkcj\u0119 dyrektora ds. klient\u00f3w strategicznych. <\/P><br \/>\n<P>Wcze\u015bniej przez ponad 10 lat kierowa\u0142 dzia\u0142em sprzeda\u017cy dodatk\u00f3w telewizyjnych. Dzia\u0142 obs\u0142ugi klient\u00f3w strategicznych Media Express zajmowa\u0107 si\u0119 b\u0119dzie domami mediowymi oraz kluczowymi klientami bezpo\u015brednimi. <\/P><br \/>\n<P>Do zespo\u0142u biura reklamy do\u0142\u0105czy\u0142 r\u00f3wnie\u017c Andrzej Rosi\u0144ski, kt\u00f3ry obj\u0105\u0142 stanowisko kierownika dzia\u0142u og\u0142osze\u0144 drobnych i reklamy internetowej. Wcze\u015bniej pracowa\u0142 w Mediatak, gdzie koordynowa\u0142 dzia\u0142ania reklamowe w bran\u017cy farmaceutycznej. <\/P><\/p>\n","protected":false},"excerpt":{"rendered":"Witold Trzci\u0144ski obj\u0105\u0142 stanowisko dyrektora dzia\u0142u obs\u0142ugi klient\u00f3w strategicznych w biurze reklamy Media Express, wydawcy dziennika Super Express.","protected":false},"author":1,"featured_media":67433,"comment_status":"open","ping_status":"closed","sticky":false,"template":"","format":"standard","meta":{"csco_display_header_overlay":false,"csco_singular_sidebar":"","csco_page_header_type":"","csco_page_load_nextpost":"","csco_post_video_location":[],"csco_post_video_location_hash":"","csco_post_video_url":"","csco_post_video_bg_start_time":0,"csco_post_video_bg_end_time":0,"footnotes":""},"categories":[9678],"tags":[3109,68],"class_list":{"0":"post-67432","1":"post","2":"type-post","3":"status-publish","4":"format-standard","5":"has-post-thumbnail","7":"category-awanse","8":"tag-mediatak","9":"tag-polskapresse","10":"cs-entry","11":"cs-video-wrap"},"_links":{"self":[{"href":"https:\/\/mediarun.com\/pl\/wp-json\/wp\/v2\/posts\/67432","targetHints":{"allow":["GET"]}}],"collection":[{"href":"https:\/\/mediarun.com\/pl\/wp-json\/wp\/v2\/posts"}],"about":[{"href":"https:\/\/mediarun.com\/pl\/wp-json\/wp\/v2\/types\/post"}],"author":[{"embeddable":true,"href":"https:\/\/mediarun.com\/pl\/wp-json\/wp\/v2\/users\/1"}],"replies":[{"embeddable":true,"href":"https:\/\/mediarun.com\/pl\/wp-json\/wp\/v2\/comments?post=67432"}],"version-history":[{"count":0,"href":"https:\/\/mediarun.com\/pl\/wp-json\/wp\/v2\/posts\/67432\/revisions"}],"wp:featuredmedia":[{"embeddable":true,"href":"https:\/\/mediarun.com\/pl\/wp-json\/wp\/v2\/media\/67433"}],"wp:attachment":[{"href":"https:\/\/mediarun.com\/pl\/wp-json\/wp\/v2\/media?parent=67432"}],"wp:term":[{"taxonomy":"category","embeddable":true,"href":"https:\/\/mediarun.com\/pl\/wp-json\/wp\/v2\/categories?post=67432"},{"taxonomy":"post_tag","embeddable":true,"href":"https:\/\/mediarun.com\/pl\/wp-json\/wp\/v2\/tags?post=67432"}],"curies":[{"name":"wp","href":"https:\/\/api.w.org\/{rel}","templated":true}]}}